{"id":646,"date":"2021-05-22T15:11:01","date_gmt":"2021-05-22T14:11:01","guid":{"rendered":"https:\/\/www.golflasamericas.com\/wordpress\/?p=646"},"modified":"2021-06-24T11:20:07","modified_gmt":"2021-06-24T10:20:07","slug":"beasley-y-elias-campeones-de-la-previa-medal","status":"publish","type":"post","link":"https:\/\/www.golflasamericas.com\/fr\/beasley-y-elias-campeones-de-la-previa-medal\/","title":{"rendered":"Beasley y El\u00edas, Campeones de la previa Medal"},"content":{"rendered":"<p>Scott Beasley y Walterio El\u00edas, cabezas de serie n\u00ba1 en los playoffs<\/p>\n<p>El campe\u00f3n del a\u00f1o pasado, Scott Beasley, partir\u00e1 como cabeza de serie n\u00famero 1 en las eliminatorias por el t\u00edtulo tras imponerse en la previa medal con 3 golpes bajo par (69 golpes netos). Copan el podio en 1a categor\u00eda Mar\u00eda Vel\u00e1zquez y Fernando C\u00e1ceres empatados a 74 golpes, cuyo handicaps de juego m\u00e1s bajos deshizo el cu\u00e1druple empate en la segunda plaza (Crist\u00f3bal Sides ser\u00e1 el cuarto cabeza de serie y Alejandro Reyes de Paz ocupar\u00e1 la quinta plaza).<\/p>\n<p>En 2a categor\u00eda Walterio El\u00edas ser\u00e1 el n\u00famero 1 en los playoffs tras rebajar el par del campo (70). Los otros 3 cabezas de serie en las eliminatorias por el t\u00edtulo ser\u00e1n Marcos M\u00e9ndez Bencomo (73), Zebenzui Mesa y Mar\u00eda Luisa Mor\u00edn (ambos con 74).<\/p>\n<div class=\"o9v6fnle cxmmr5t8 oygrvhab hcukyx3x c1et5uql ii04i59q\">\n<div dir=\"auto\"><\/div>\n<div dir=\"auto\"><img fetchpriority=\"high\" decoding=\"async\" class=\"wp-image-648 size-full aligncenter\" src=\"https:\/\/www.golflasamericas.com\/wordpress\/wp-content\/uploads\/2021\/06\/182029559_10158534850053742_3143902355121185038_n.jpeg\" alt=\"\" width=\"720\" height=\"960\" srcset=\"https:\/\/www.golflasamericas.com\/wordpress\/wp-content\/uploads\/2021\/06\/182029559_10158534850053742_3143902355121185038_n.jpeg 720w, https:\/\/www.golflasamericas.com\/wordpress\/wp-content\/uploads\/2021\/06\/182029559_10158534850053742_3143902355121185038_n-225x300.jpeg 225w\" sizes=\"(max-width: 720px) 100vw, 720px\" \/><\/div>\n<div dir=\"auto\" style=\"text-align: center;\">Foto: Walterio El\u00edas, primer clasificado en 2a categor\u00eda<\/div>\n<div dir=\"auto\">\n<div class=\"o9v6fnle cxmmr5t8 oygrvhab hcukyx3x c1et5uql ii04i59q\">\n<div dir=\"auto\"><\/div>\n<div dir=\"auto\">Clasificaciones al completo en\u00a0<a href=\"https:\/\/members.imaster.golf\/americas\" target=\"_blank\" rel=\"noopener noreferrer\">Golf Las Am\u00e9ricas Intranet<\/a>, el \u00e1rea privada de nuestra web, exclusiva para residentes<\/div>\n<\/div>\n<div class=\"o9v6fnle cxmmr5t8 oygrvhab hcukyx3x c1et5uql ii04i59q\">\n<div dir=\"auto\">Si usted no est\u00e1 registrado en nuestra \u00e1rea privada, por favor\u00a0<a href=\"mailto:comunicacion@golf-tenerife.com\" target=\"_blank\" rel=\"noopener noreferrer\">SOLICITUD ACCESO INTRANET<\/a>\u00a0acreditando su condici\u00f3n de residente canario.<\/div>\n<\/div>\n<\/div>\n<div dir=\"auto\">\n<p><a href=\"https:\/\/bit.ly\/2RDre4p\" target=\"_blank\" rel=\"noopener noreferrer\">CUADRO DE PLAYOFFS \u00b7 1A CATEGOR\u00cdA [PDF]<\/a><\/p>\n<p><a href=\"https:\/\/bit.ly\/2QN8f7a\" target=\"_blank\" rel=\"noopener noreferrer\">CUADRO DE PLAYOFFS \u00b7 2A CATEGOR\u00cdA [PDF]<\/a><\/p>\n<p><a href=\"https:\/\/bit.ly\/2SfQVYI\" target=\"_blank\" rel=\"noopener noreferrer\">IM\u00c1GENES Y VIDEOS DE LA PRUEBA MEDAL \u00b7 22 DE MAYO<\/a><\/p>\n<p><img decoding=\"async\" class=\"wp-image-647 size-full aligncenter\" src=\"https:\/\/www.golflasamericas.com\/wordpress\/wp-content\/uploads\/2021\/06\/188697388_10158534850113742_9159163914735315173_n.jpeg\" alt=\"\" width=\"720\" height=\"960\" srcset=\"https:\/\/www.golflasamericas.com\/wordpress\/wp-content\/uploads\/2021\/06\/188697388_10158534850113742_9159163914735315173_n.jpeg 720w, https:\/\/www.golflasamericas.com\/wordpress\/wp-content\/uploads\/2021\/06\/188697388_10158534850113742_9159163914735315173_n-225x300.jpeg 225w\" sizes=\"(max-width: 720px) 100vw, 720px\" \/><\/p>\n<p style=\"text-align: center;\">Foto: Scott Beasley, campe\u00f3n de la edici\u00f3n anterior y primer cabeza de serie de 1a categor\u00eda, hoy en el tee del 16<\/p>\n<\/div>\n<\/div>\n","protected":false},"excerpt":{"rendered":"<p>Scott Beasley y Walterio El\u00edas, cabezas de serie n\u00ba1 en los playoffs El campe\u00f3n del a\u00f1o pasado, Scott Beasley, partir\u00e1 como cabeza de serie n\u00famero 1 en las eliminatorias por el t\u00edtulo tras imponerse en la previa medal con 3 golpes bajo par (69 golpes netos). Copan el podio en 1a categor\u00eda Mar\u00eda Vel\u00e1zquez y [&hellip;]<\/p>\n","protected":false},"author":1,"featured_media":649,"comment_status":"open","ping_status":"open","sticky":false,"template":"","format":"standard","meta":{"footnotes":""},"categories":[1],"tags":[40],"class_list":["post-646","post","type-post","status-publish","format-standard","has-post-thumbnail","hentry","category-noticias","tag-xviimatchplaygolflasamericas"],"_links":{"self":[{"href":"https:\/\/www.golflasamericas.com\/fr\/wp-json\/wp\/v2\/posts\/646","targetHints":{"allow":["GET"]}}],"collection":[{"href":"https:\/\/www.golflasamericas.com\/fr\/wp-json\/wp\/v2\/posts"}],"about":[{"href":"https:\/\/www.golflasamericas.com\/fr\/wp-json\/wp\/v2\/types\/post"}],"author":[{"embeddable":true,"href":"https:\/\/www.golflasamericas.com\/fr\/wp-json\/wp\/v2\/users\/1"}],"replies":[{"embeddable":true,"href":"https:\/\/www.golflasamericas.com\/fr\/wp-json\/wp\/v2\/comments?post=646"}],"version-history":[{"count":1,"href":"https:\/\/www.golflasamericas.com\/fr\/wp-json\/wp\/v2\/posts\/646\/revisions"}],"predecessor-version":[{"id":650,"href":"https:\/\/www.golflasamericas.com\/fr\/wp-json\/wp\/v2\/posts\/646\/revisions\/650"}],"wp:featuredmedia":[{"embeddable":true,"href":"https:\/\/www.golflasamericas.com\/fr\/wp-json\/wp\/v2\/media\/649"}],"wp:attachment":[{"href":"https:\/\/www.golflasamericas.com\/fr\/wp-json\/wp\/v2\/media?parent=646"}],"wp:term":[{"taxonomy":"category","embeddable":true,"href":"https:\/\/www.golflasamericas.com\/fr\/wp-json\/wp\/v2\/categories?post=646"},{"taxonomy":"post_tag","embeddable":true,"href":"https:\/\/www.golflasamericas.com\/fr\/wp-json\/wp\/v2\/tags?post=646"}],"curies":[{"name":"wp","href":"https:\/\/api.w.org\/{rel}","templated":true}]}}