{"id":4147,"date":"2022-02-01T17:45:41","date_gmt":"2022-02-01T16:45:41","guid":{"rendered":"https:\/\/www.golflasamericas.com\/?p=4147"},"modified":"2022-02-01T20:02:02","modified_gmt":"2022-02-01T19:02:02","slug":"calendario-de-torneos-2022","status":"publish","type":"post","link":"https:\/\/www.golflasamericas.com\/fr\/calendario-de-torneos-2022\/","title":{"rendered":"Calendario de torneos 2022"},"content":{"rendered":"\t\t<div data-elementor-type=\"wp-post\" data-elementor-id=\"4147\" class=\"elementor elementor-4147\" data-elementor-post-type=\"post\">\n\t\t\t\t\t\t<section class=\"elementor-section elementor-top-section elementor-element elementor-element-6d7b62dd elementor-section-boxed elementor-section-height-default elementor-section-height-default\" data-id=\"6d7b62dd\" data-element_type=\"section\" data-e-type=\"section\">\n\t\t\t\t\t\t<div class=\"elementor-container elementor-column-gap-default\">\n\t\t\t\t\t<div class=\"elementor-column elementor-col-100 elementor-top-column elementor-element elementor-element-3533d32a\" data-id=\"3533d32a\" data-element_type=\"column\" data-e-type=\"column\">\n\t\t\t<div class=\"elementor-widget-wrap elementor-element-populated\">\n\t\t\t\t\t\t<div class=\"elementor-element elementor-element-5790f62 elementor-widget elementor-widget-image\" data-id=\"5790f62\" data-element_type=\"widget\" data-e-type=\"widget\" data-widget_type=\"image.default\">\n\t\t\t\t<div class=\"elementor-widget-container\">\n\t\t\t\t\t\t\t\t\t\t\t\t\t\t\t<img fetchpriority=\"high\" decoding=\"async\" width=\"572\" height=\"809\" src=\"https:\/\/www.golflasamericas.com\/wordpress\/wp-content\/uploads\/2022\/02\/2022schedule_web_ok.jpg\" class=\"attachment-medium_large size-medium_large wp-image-4171\" alt=\"2022 Competition Schedule\" srcset=\"https:\/\/www.golflasamericas.com\/wordpress\/wp-content\/uploads\/2022\/02\/2022schedule_web_ok.jpg 572w, https:\/\/www.golflasamericas.com\/wordpress\/wp-content\/uploads\/2022\/02\/2022schedule_web_ok-212x300.jpg 212w\" sizes=\"(max-width: 572px) 100vw, 572px\" \/>\t\t\t\t\t\t\t\t\t\t\t\t\t\t\t<\/div>\n\t\t\t\t<\/div>\n\t\t\t\t<div class=\"elementor-element elementor-element-1ca31a7e elementor-widget elementor-widget-text-editor\" data-id=\"1ca31a7e\" data-element_type=\"widget\" data-e-type=\"widget\" data-widget_type=\"text-editor.default\">\n\t\t\t\t<div class=\"elementor-widget-container\">\n\t\t\t\t\t\t\t\t\t<div><h3>Torneos de Golf Las Am\u00e9ricas en 2022<\/h3><div><div dir=\"auto\"><div class=\"o9v6fnle cxmmr5t8 oygrvhab hcukyx3x c1et5uql ii04i59q\"><div dir=\"auto\"><span class=\"d2edcug0 hpfvmrgz qv66sw1b c1et5uql lr9zc1uh a8c37x1j fe6kdd0r mau55g9w c8b282yb keod5gw0 nxhoafnm aigsh9s9 d3f4x2em iv3no6db jq4qci2q a3bd9o3v b1v8xokw oo9gr5id hzawbc8m\" dir=\"auto\">Golf Las Am\u00e9ricas presenta su calendario de eventos de este nuevo a\u00f1o con grandes novedades. Primero de todo, destacamos los regresos. Tras dos temporadas sin poderse disputar a causa de la pandemia, el hist\u00f3rico torneo Europe Villa Cort\u00e9s vuelve el 9 de julio para celebrar su decimonovena edici\u00f3n. El lujoso hotel de Playa de Las Am\u00e9ricas renueva su confianza en nosotros y sigue apostando por el sector golf. <br \/><\/span><\/div><div dir=\"auto\"><span class=\"d2edcug0 hpfvmrgz qv66sw1b c1et5uql lr9zc1uh a8c37x1j fe6kdd0r mau55g9w c8b282yb keod5gw0 nxhoafnm aigsh9s9 d3f4x2em iv3no6db jq4qci2q a3bd9o3v b1v8xokw oo9gr5id hzawbc8m\" dir=\"auto\">\u00a0<\/span><\/div><div dir=\"auto\"><span class=\"d2edcug0 hpfvmrgz qv66sw1b c1et5uql lr9zc1uh a8c37x1j fe6kdd0r mau55g9w c8b282yb keod5gw0 nxhoafnm aigsh9s9 d3f4x2em iv3no6db jq4qci2q a3bd9o3v b1v8xokw oo9gr5id hzawbc8m\" dir=\"auto\">Adem\u00e1s, el Trofeo Rolex de Golf regresa a Tenerife tras la edici\u00f3n grancanaria de 2021 e, igual como ocurri\u00f3 en 2019, la prestigiosa marca vuelve a confiar en Golf Las Am\u00e9ricas para organizar su exitosa competici\u00f3n, de la mano de Ideal Joyeros. El exclusivo campo andaluz de La Zagaleta espera en esta edici\u00f3n a los campeones de cada una de las 10 pruebas del tour, que se disputan en los mejores campos espa\u00f1oles. Recordemos que en la edici\u00f3n de 2019, el campe\u00f3n de 1a categor\u00eda en Golf Las Am\u00e9ricas, C\u00e9sar Fern\u00e1ndez de Caleya, fue a la postre el campe\u00f3n absoluto en la final de Valderrama. <br \/><\/span><\/div><div dir=\"auto\">\u00a0<\/div><div dir=\"auto\">En segundo lugar, queremos destacar las otras 2 novedades importantes: los eventos de apertura y de clausura de la temporada competitiva de golf en nuestro campo. Inauguraremos la temporada el 29 de abril con un evento invitacional a modo de Final Four bajo modalidad match play, con el que abriremos el plazo de inscripciones para nuestro buque insignia: el Match Play Las Am\u00e9ricas, el mejor torneo match play de Canarias, que cumple su decimoctava edici\u00f3n.<\/div><div dir=\"auto\">\u00a0<\/div><div dir=\"auto\">Y, en el mes de diciembre, cerraremos el a\u00f1o rindiendo homenaje a los mejores jugadores de la temporada en Tenerife. En el Trofeo de Campeones deseamos reunir a los jugadores que se hayan alzado con un t\u00edtulo en los diferentes torneos celebrados en la isla durante 2022.<\/div><\/div><\/div><\/div><\/div>\t\t\t\t\t\t\t\t<\/div>\n\t\t\t\t<\/div>\n\t\t\t\t<div class=\"elementor-element elementor-element-b6147ae elementor-widget-divider--view-line elementor-widget elementor-widget-divider\" data-id=\"b6147ae\" data-element_type=\"widget\" data-e-type=\"widget\" data-widget_type=\"divider.default\">\n\t\t\t\t<div class=\"elementor-widget-container\">\n\t\t\t\t\t\t\t<div class=\"elementor-divider\">\n\t\t\t<span class=\"elementor-divider-separator\">\n\t\t\t\t\t\t<\/span>\n\t\t<\/div>\n\t\t\t\t\t\t<\/div>\n\t\t\t\t<\/div>\n\t\t\t\t\t<\/div>\n\t\t<\/div>\n\t\t\t\t\t<\/div>\n\t\t<\/section>\n\t\t\t\t<\/div>\n\t\t","protected":false},"excerpt":{"rendered":"<p>Torneos de Golf Las Am\u00e9ricas en 2022 Golf Las Am\u00e9ricas presenta su calendario de eventos de este nuevo a\u00f1o con grandes novedades. Primero de todo, destacamos los regresos. Tras dos temporadas sin poderse disputar a causa de la pandemia, el hist\u00f3rico torneo Europe Villa Cort\u00e9s vuelve el 9 de julio para celebrar su decimonovena edici\u00f3n. [&hellip;]<\/p>\n","protected":false},"author":2,"featured_media":649,"comment_status":"open","ping_status":"open","sticky":false,"template":"","format":"standard","meta":{"footnotes":""},"categories":[1],"tags":[80,60,75,47,78,43,48,42,79,44,76,77,45],"class_list":["post-4147","post","type-post","status-publish","format-standard","has-post-thumbnail","hentry","category-noticias","tag-amateur","tag-bookings-2","tag-calendario","tag-canary-islands","tag-competition","tag-green-fees","tag-islas-canarias","tag-reservas","tag-schedule","tag-tenerife-golf","tag-torneos","tag-tournaments","tag-visit-tenerife"],"_links":{"self":[{"href":"https:\/\/www.golflasamericas.com\/fr\/wp-json\/wp\/v2\/posts\/4147","targetHints":{"allow":["GET"]}}],"collection":[{"href":"https:\/\/www.golflasamericas.com\/fr\/wp-json\/wp\/v2\/posts"}],"about":[{"href":"https:\/\/www.golflasamericas.com\/fr\/wp-json\/wp\/v2\/types\/post"}],"author":[{"embeddable":true,"href":"https:\/\/www.golflasamericas.com\/fr\/wp-json\/wp\/v2\/users\/2"}],"replies":[{"embeddable":true,"href":"https:\/\/www.golflasamericas.com\/fr\/wp-json\/wp\/v2\/comments?post=4147"}],"version-history":[{"count":10,"href":"https:\/\/www.golflasamericas.com\/fr\/wp-json\/wp\/v2\/posts\/4147\/revisions"}],"predecessor-version":[{"id":4177,"href":"https:\/\/www.golflasamericas.com\/fr\/wp-json\/wp\/v2\/posts\/4147\/revisions\/4177"}],"wp:featuredmedia":[{"embeddable":true,"href":"https:\/\/www.golflasamericas.com\/fr\/wp-json\/wp\/v2\/media\/649"}],"wp:attachment":[{"href":"https:\/\/www.golflasamericas.com\/fr\/wp-json\/wp\/v2\/media?parent=4147"}],"wp:term":[{"taxonomy":"category","embeddable":true,"href":"https:\/\/www.golflasamericas.com\/fr\/wp-json\/wp\/v2\/categories?post=4147"},{"taxonomy":"post_tag","embeddable":true,"href":"https:\/\/www.golflasamericas.com\/fr\/wp-json\/wp\/v2\/tags?post=4147"}],"curies":[{"name":"wp","href":"https:\/\/api.w.org\/{rel}","templated":true}]}}