{"id":2452,"date":"2021-07-16T11:37:15","date_gmt":"2021-07-16T10:37:15","guid":{"rendered":"https:\/\/www.golflasamericas.com\/wordpress\/?p=2452"},"modified":"2021-07-27T11:38:20","modified_gmt":"2021-07-27T10:38:20","slug":"jorge-garcia-ferrero","status":"publish","type":"post","link":"https:\/\/www.golflasamericas.com\/fr\/jorge-garcia-ferrero\/","title":{"rendered":"Jorge Garc\u00eda Ferrero"},"content":{"rendered":"<div class=\"kvgmc6g5 cxmmr5t8 oygrvhab hcukyx3x c1et5uql ii04i59q\">\n<h1 dir=\"auto\">BIENVENIDO A CASA DE NUEVO<\/h1>\n<div dir=\"auto\"><\/div>\n<\/div>\n<div class=\"o9v6fnle cxmmr5t8 oygrvhab hcukyx3x c1et5uql ii04i59q\">\n<p dir=\"auto\">Entrevista a Jorge Garc\u00eda Ferrero, una de las j\u00f3venes promesas de\u00a0<a class=\"oajrlxb2 g5ia77u1 qu0x051f esr5mh6w e9989ue4 r7d6kgcz rq0escxv nhd2j8a9 nc684nl6 p7hjln8o kvgmc6g5 cxmmr5t8 oygrvhab hcukyx3x jb3vyjys rz4wbd8a qt6c0cv9 a8nywdso i1ao9s8h esuyzwwr f1sip0of lzcic4wl q66pz984 gpro0wi8 b1v8xokw\" tabindex=\"0\" href=\"https:\/\/www.facebook.com\/TenerifeGolf\/?__cft__[0]=AZVX-_IZB3u0XiKAYhJhdDUfhzjf0ioSA_j_EX-Vm8LV_cB04EdUlizU_lN4F-4MDYV3PDhWdgEQ6KmHZAon0iYLPuOhfc9JIQsXaJ0hFuKOl_yP9B9BsF7v4jFAeTd2LhEKCCNyM1xvczSSvgRA9bxzrfoBPDOH3GYUdk6B-8l2uIPxb-IEs6aUzp644fOeS7Q&amp;__tn__=kK-R\"><span class=\"nc684nl6\">Tenerife Golf<\/span><\/a>\u00a0, formado en\u00a0<a class=\"oajrlxb2 g5ia77u1 qu0x051f esr5mh6w e9989ue4 r7d6kgcz rq0escxv nhd2j8a9 nc684nl6 p7hjln8o kvgmc6g5 cxmmr5t8 oygrvhab hcukyx3x jb3vyjys rz4wbd8a qt6c0cv9 a8nywdso i1ao9s8h esuyzwwr f1sip0of lzcic4wl q66pz984 gpro0wi8 b1v8xokw\" tabindex=\"0\" href=\"https:\/\/www.facebook.com\/golflasamericas\/?__cft__[0]=AZVX-_IZB3u0XiKAYhJhdDUfhzjf0ioSA_j_EX-Vm8LV_cB04EdUlizU_lN4F-4MDYV3PDhWdgEQ6KmHZAon0iYLPuOhfc9JIQsXaJ0hFuKOl_yP9B9BsF7v4jFAeTd2LhEKCCNyM1xvczSSvgRA9bxzrfoBPDOH3GYUdk6B-8l2uIPxb-IEs6aUzp644fOeS7Q&amp;__tn__=kK-R\"><span class=\"nc684nl6\">Golf Las Am\u00e9ricas<\/span><\/a>. Est\u00e1 cursando Ingenier\u00eda inform\u00e1tica en la\u00a0<a class=\"oajrlxb2 g5ia77u1 qu0x051f esr5mh6w e9989ue4 r7d6kgcz rq0escxv nhd2j8a9 nc684nl6 p7hjln8o kvgmc6g5 cxmmr5t8 oygrvhab hcukyx3x jb3vyjys rz4wbd8a qt6c0cv9 a8nywdso i1ao9s8h esuyzwwr f1sip0of lzcic4wl q66pz984 gpro0wi8 b1v8xokw\" tabindex=\"0\" href=\"https:\/\/www.facebook.com\/universidaddesalamanca\/?__cft__[0]=AZVX-_IZB3u0XiKAYhJhdDUfhzjf0ioSA_j_EX-Vm8LV_cB04EdUlizU_lN4F-4MDYV3PDhWdgEQ6KmHZAon0iYLPuOhfc9JIQsXaJ0hFuKOl_yP9B9BsF7v4jFAeTd2LhEKCCNyM1xvczSSvgRA9bxzrfoBPDOH3GYUdk6B-8l2uIPxb-IEs6aUzp644fOeS7Q&amp;__tn__=kK-R\"><span class=\"nc684nl6\">Universidad de Salamanca<\/span><\/a>\u00a0y colaborando como coach de golf en la Escuela Infantil de\u00a0<a class=\"oajrlxb2 g5ia77u1 qu0x051f esr5mh6w e9989ue4 r7d6kgcz rq0escxv nhd2j8a9 nc684nl6 p7hjln8o kvgmc6g5 cxmmr5t8 oygrvhab hcukyx3x jb3vyjys rz4wbd8a qt6c0cv9 a8nywdso i1ao9s8h esuyzwwr f1sip0of lzcic4wl q66pz984 gpro0wi8 b1v8xokw\" tabindex=\"0\" href=\"https:\/\/www.facebook.com\/LaValmuzaGolf\/?__cft__[0]=AZVX-_IZB3u0XiKAYhJhdDUfhzjf0ioSA_j_EX-Vm8LV_cB04EdUlizU_lN4F-4MDYV3PDhWdgEQ6KmHZAon0iYLPuOhfc9JIQsXaJ0hFuKOl_yP9B9BsF7v4jFAeTd2LhEKCCNyM1xvczSSvgRA9bxzrfoBPDOH3GYUdk6B-8l2uIPxb-IEs6aUzp644fOeS7Q&amp;__tn__=kK-R\"><span class=\"nc684nl6\">La Valmuza Golf Salamanca<\/span><\/a><\/p>\n<\/div>\n<div class=\"o9v6fnle cxmmr5t8 oygrvhab hcukyx3x c1et5uql ii04i59q\">\n<p dir=\"auto\">Jorge repasa su a\u00f1o acad\u00e9mico en la pen\u00ednsula y opina sobre la actualidad golf\u00edstica, con las victorias de \u00c1lvaro Hern\u00e1ndez Cabezuela y Jon Rahm a la cabeza.<\/p>\n<\/div>\n<p>&nbsp;<\/p>\n<p><center>\u00a0<iframe title=\"YouTube video player\" src=\"https:\/\/www.youtube.com\/embed\/CIZ4_-0OIGg\" width=\"560\" height=\"315\" frameborder=\"0\" allowfullscreen=\"allowfullscreen\" data-mce-fragment=\"1\"><\/iframe>\u00a0<\/center>&nbsp;<\/p>\n<p>&nbsp;<\/p>\n<p>________________________<\/p>\n<p>&nbsp;<\/p>\n","protected":false},"excerpt":{"rendered":"<p>BIENVENIDO A CASA DE NUEVO Entrevista a Jorge Garc\u00eda Ferrero, una de las j\u00f3venes promesas de\u00a0Tenerife Golf\u00a0, formado en\u00a0Golf Las Am\u00e9ricas. Est\u00e1 cursando Ingenier\u00eda inform\u00e1tica en la\u00a0Universidad de Salamanca\u00a0y colaborando como coach de golf en la Escuela Infantil de\u00a0La Valmuza Golf Salamanca Jorge repasa su a\u00f1o acad\u00e9mico en la pen\u00ednsula y opina sobre la actualidad [&hellip;]<\/p>\n","protected":false},"author":1,"featured_media":2225,"comment_status":"open","ping_status":"open","sticky":false,"template":"","format":"standard","meta":{"footnotes":""},"categories":[1],"tags":[],"class_list":["post-2452","post","type-post","status-publish","format-standard","has-post-thumbnail","hentry","category-noticias"],"_links":{"self":[{"href":"https:\/\/www.golflasamericas.com\/fr\/wp-json\/wp\/v2\/posts\/2452","targetHints":{"allow":["GET"]}}],"collection":[{"href":"https:\/\/www.golflasamericas.com\/fr\/wp-json\/wp\/v2\/posts"}],"about":[{"href":"https:\/\/www.golflasamericas.com\/fr\/wp-json\/wp\/v2\/types\/post"}],"author":[{"embeddable":true,"href":"https:\/\/www.golflasamericas.com\/fr\/wp-json\/wp\/v2\/users\/1"}],"replies":[{"embeddable":true,"href":"https:\/\/www.golflasamericas.com\/fr\/wp-json\/wp\/v2\/comments?post=2452"}],"version-history":[{"count":2,"href":"https:\/\/www.golflasamericas.com\/fr\/wp-json\/wp\/v2\/posts\/2452\/revisions"}],"predecessor-version":[{"id":2454,"href":"https:\/\/www.golflasamericas.com\/fr\/wp-json\/wp\/v2\/posts\/2452\/revisions\/2454"}],"wp:featuredmedia":[{"embeddable":true,"href":"https:\/\/www.golflasamericas.com\/fr\/wp-json\/wp\/v2\/media\/2225"}],"wp:attachment":[{"href":"https:\/\/www.golflasamericas.com\/fr\/wp-json\/wp\/v2\/media?parent=2452"}],"wp:term":[{"taxonomy":"category","embeddable":true,"href":"https:\/\/www.golflasamericas.com\/fr\/wp-json\/wp\/v2\/categories?post=2452"},{"taxonomy":"post_tag","embeddable":true,"href":"https:\/\/www.golflasamericas.com\/fr\/wp-json\/wp\/v2\/tags?post=2452"}],"curies":[{"name":"wp","href":"https:\/\/api.w.org\/{rel}","templated":true}]}}