{"id":13455,"date":"2025-02-17T11:55:54","date_gmt":"2025-02-17T10:55:54","guid":{"rendered":"https:\/\/www.golflasamericas.com\/?p=13455"},"modified":"2025-03-10T16:13:00","modified_gmt":"2025-03-10T15:13:00","slug":"galaarona_maria","status":"publish","type":"post","link":"https:\/\/www.golflasamericas.com\/fr\/galaarona_maria\/","title":{"rendered":"Mar\u00eda Vel\u00e1zquez, homenajeada en la Gala del Deporte de Arona"},"content":{"rendered":"\t\t<div data-elementor-type=\"wp-post\" data-elementor-id=\"13455\" class=\"elementor elementor-13455\" data-elementor-post-type=\"post\">\n\t\t\t\t\t\t<section class=\"elementor-section elementor-top-section elementor-element elementor-element-27cf8c88 elementor-section-boxed elementor-section-height-default elementor-section-height-default\" data-id=\"27cf8c88\" data-element_type=\"section\" data-e-type=\"section\">\n\t\t\t\t\t\t<div class=\"elementor-container elementor-column-gap-default\">\n\t\t\t\t\t<div class=\"elementor-column elementor-col-100 elementor-top-column elementor-element elementor-element-7a0310c2\" data-id=\"7a0310c2\" data-element_type=\"column\" data-e-type=\"column\">\n\t\t\t<div class=\"elementor-widget-wrap elementor-element-populated\">\n\t\t\t\t\t\t<div class=\"elementor-element elementor-element-759fe9e elementor-widget elementor-widget-image\" data-id=\"759fe9e\" data-element_type=\"widget\" data-e-type=\"widget\" data-widget_type=\"image.default\">\n\t\t\t\t<div class=\"elementor-widget-container\">\n\t\t\t\t\t\t\t\t\t\t\t\t\t\t\t<img fetchpriority=\"high\" decoding=\"async\" width=\"768\" height=\"1295\" src=\"https:\/\/www.golflasamericas.com\/wordpress\/wp-content\/uploads\/2025\/03\/480678440_10030395636988656_9006595399093265619_n-768x1295.jpg\" class=\"attachment-medium_large size-medium_large wp-image-13462\" alt=\"\" srcset=\"https:\/\/www.golflasamericas.com\/wordpress\/wp-content\/uploads\/2025\/03\/480678440_10030395636988656_9006595399093265619_n-768x1295.jpg 768w, https:\/\/www.golflasamericas.com\/wordpress\/wp-content\/uploads\/2025\/03\/480678440_10030395636988656_9006595399093265619_n-178x300.jpg 178w, https:\/\/www.golflasamericas.com\/wordpress\/wp-content\/uploads\/2025\/03\/480678440_10030395636988656_9006595399093265619_n-608x1024.jpg 608w, https:\/\/www.golflasamericas.com\/wordpress\/wp-content\/uploads\/2025\/03\/480678440_10030395636988656_9006595399093265619_n-911x1536.jpg 911w, https:\/\/www.golflasamericas.com\/wordpress\/wp-content\/uploads\/2025\/03\/480678440_10030395636988656_9006595399093265619_n.jpg 1215w\" sizes=\"(max-width: 768px) 100vw, 768px\" \/>\t\t\t\t\t\t\t\t\t\t\t\t\t\t\t<\/div>\n\t\t\t\t<\/div>\n\t\t\t\t<div class=\"elementor-element elementor-element-fb1ed23 elementor-widget elementor-widget-text-editor\" data-id=\"fb1ed23\" data-element_type=\"widget\" data-e-type=\"widget\" data-widget_type=\"text-editor.default\">\n\t\t\t\t<div class=\"elementor-widget-container\">\n\t\t\t\t\t\t\t\t\t<h3 data-start=\"93\" data-end=\"177\"><strong data-start=\"97\" data-end=\"175\">Mar\u00eda Vel\u00e1zquez Morales, homenajeada en la XXVII Gala del Deporte de Arona<\/strong><\/h3><p data-start=\"179\" data-end=\"468\">La XXVII Gala del Deporte de Arona rindi\u00f3 un merecido homenaje a la jugadora de Golf Las Am\u00e9ricas <strong data-start=\"244\" data-end=\"271\">Mar\u00eda Vel\u00e1zquez Morales<\/strong>, reconoci\u00e9ndola como la <strong data-start=\"296\" data-end=\"322\">mejor golfista del a\u00f1o<\/strong>. Este prestigioso galard\u00f3n, otorgado por el \u00e1rea de Deportes y el Ayuntamiento de Arona, pone en valor su excepcional trayectoria durante 2024.<\/p><p data-start=\"470\" data-end=\"880\">Mar\u00eda Vel\u00e1zquez ha protagonizado una temporada inolvidable, logrando la <strong data-start=\"542\" data-end=\"576\">triple corona del Pitch &amp; Putt<\/strong> al proclamarse <strong data-start=\"592\" data-end=\"689\">Campeona de Espa\u00f1a, Campeona de Canarias y Campeona de la provincia de Santa Cruz de Tenerife<\/strong>. Adem\u00e1s, ha cosechado numerosos \u00e9xitos en diversas competiciones, entre ellos, su clasificaci\u00f3n para la <strong data-start=\"794\" data-end=\"839\">Final Mundial del circuito Meli\u00e1 en Dub\u00e1i<\/strong>, que se celebrar\u00e1 del 4 al 9 de marzo.<\/p>\t\t\t\t\t\t\t\t<\/div>\n\t\t\t\t<\/div>\n\t\t\t\t<div class=\"elementor-element elementor-element-00421a2 elementor-widget elementor-widget-image\" data-id=\"00421a2\" data-element_type=\"widget\" data-e-type=\"widget\" data-widget_type=\"image.default\">\n\t\t\t\t<div class=\"elementor-widget-container\">\n\t\t\t\t\t\t\t\t\t\t\t\t\t\t\t<img decoding=\"async\" width=\"768\" height=\"1024\" src=\"https:\/\/www.golflasamericas.com\/wordpress\/wp-content\/uploads\/2025\/03\/480815721_10030395670321986_2504435814271285077_n-768x1024.jpg\" class=\"attachment-medium_large size-medium_large wp-image-13466\" alt=\"\" srcset=\"https:\/\/www.golflasamericas.com\/wordpress\/wp-content\/uploads\/2025\/03\/480815721_10030395670321986_2504435814271285077_n-768x1024.jpg 768w, https:\/\/www.golflasamericas.com\/wordpress\/wp-content\/uploads\/2025\/03\/480815721_10030395670321986_2504435814271285077_n-225x300.jpg 225w, https:\/\/www.golflasamericas.com\/wordpress\/wp-content\/uploads\/2025\/03\/480815721_10030395670321986_2504435814271285077_n-1152x1536.jpg 1152w, https:\/\/www.golflasamericas.com\/wordpress\/wp-content\/uploads\/2025\/03\/480815721_10030395670321986_2504435814271285077_n.jpg 1536w\" sizes=\"(max-width: 768px) 100vw, 768px\" \/>\t\t\t\t\t\t\t\t\t\t\t\t\t\t\t<\/div>\n\t\t\t\t<\/div>\n\t\t\t\t<div class=\"elementor-element elementor-element-d0e724c elementor-widget elementor-widget-image\" data-id=\"d0e724c\" data-element_type=\"widget\" data-e-type=\"widget\" data-widget_type=\"image.default\">\n\t\t\t\t<div class=\"elementor-widget-container\">\n\t\t\t\t\t\t\t\t\t\t\t\t\t\t\t<img decoding=\"async\" width=\"768\" height=\"1033\" src=\"https:\/\/www.golflasamericas.com\/wordpress\/wp-content\/uploads\/2025\/03\/480301353_10030395543655332_9105840277922794644_n-768x1033.jpg\" class=\"attachment-medium_large size-medium_large wp-image-13458\" alt=\"\" srcset=\"https:\/\/www.golflasamericas.com\/wordpress\/wp-content\/uploads\/2025\/03\/480301353_10030395543655332_9105840277922794644_n-768x1033.jpg 768w, https:\/\/www.golflasamericas.com\/wordpress\/wp-content\/uploads\/2025\/03\/480301353_10030395543655332_9105840277922794644_n-223x300.jpg 223w, https:\/\/www.golflasamericas.com\/wordpress\/wp-content\/uploads\/2025\/03\/480301353_10030395543655332_9105840277922794644_n-762x1024.jpg 762w, https:\/\/www.golflasamericas.com\/wordpress\/wp-content\/uploads\/2025\/03\/480301353_10030395543655332_9105840277922794644_n-1142x1536.jpg 1142w, https:\/\/www.golflasamericas.com\/wordpress\/wp-content\/uploads\/2025\/03\/480301353_10030395543655332_9105840277922794644_n.jpg 1523w\" sizes=\"(max-width: 768px) 100vw, 768px\" \/>\t\t\t\t\t\t\t\t\t\t\t\t\t\t\t<\/div>\n\t\t\t\t<\/div>\n\t\t\t\t\t<\/div>\n\t\t<\/div>\n\t\t\t\t\t<\/div>\n\t\t<\/section>\n\t\t\t\t<section class=\"elementor-section elementor-top-section elementor-element elementor-element-c80ce2e elementor-section-boxed elementor-section-height-default elementor-section-height-default\" data-id=\"c80ce2e\" data-element_type=\"section\" data-e-type=\"section\">\n\t\t\t\t\t\t<div class=\"elementor-container elementor-column-gap-default\">\n\t\t\t\t\t<div class=\"elementor-column elementor-col-100 elementor-top-column elementor-element elementor-element-2c39b3c\" data-id=\"2c39b3c\" data-element_type=\"column\" data-e-type=\"column\">\n\t\t\t<div class=\"elementor-widget-wrap\">\n\t\t\t\t\t\t\t<\/div>\n\t\t<\/div>\n\t\t\t\t\t<\/div>\n\t\t<\/section>\n\t\t\t\t<\/div>\n\t\t","protected":false},"excerpt":{"rendered":"<p>Mar\u00eda Vel\u00e1zquez Morales, homenajeada en la XXVII Gala del Deporte de Arona La XXVII Gala del Deporte de Arona rindi\u00f3 un merecido homenaje a la jugadora de Golf Las Am\u00e9ricas Mar\u00eda Vel\u00e1zquez Morales, reconoci\u00e9ndola como la mejor golfista del a\u00f1o. Este prestigioso galard\u00f3n, otorgado por el \u00e1rea de Deportes y el Ayuntamiento de Arona, pone [&hellip;]<\/p>\n","protected":false},"author":2,"featured_media":13598,"comment_status":"open","ping_status":"open","sticky":false,"template":"","format":"standard","meta":{"footnotes":""},"categories":[1],"tags":[89,148,177,43,147,145,138,64,44],"class_list":["post-13455","post","type-post","status-publish","format-standard","has-post-thumbnail","hentry","category-noticias","tag-golf-2","tag-golf-en-canarias","tag-green-2","tag-green-fees","tag-nominados","tag-premios","tag-tee-times-2","tag-tenerife","tag-tenerife-golf"],"_links":{"self":[{"href":"https:\/\/www.golflasamericas.com\/fr\/wp-json\/wp\/v2\/posts\/13455","targetHints":{"allow":["GET"]}}],"collection":[{"href":"https:\/\/www.golflasamericas.com\/fr\/wp-json\/wp\/v2\/posts"}],"about":[{"href":"https:\/\/www.golflasamericas.com\/fr\/wp-json\/wp\/v2\/types\/post"}],"author":[{"embeddable":true,"href":"https:\/\/www.golflasamericas.com\/fr\/wp-json\/wp\/v2\/users\/2"}],"replies":[{"embeddable":true,"href":"https:\/\/www.golflasamericas.com\/fr\/wp-json\/wp\/v2\/comments?post=13455"}],"version-history":[{"count":8,"href":"https:\/\/www.golflasamericas.com\/fr\/wp-json\/wp\/v2\/posts\/13455\/revisions"}],"predecessor-version":[{"id":13642,"href":"https:\/\/www.golflasamericas.com\/fr\/wp-json\/wp\/v2\/posts\/13455\/revisions\/13642"}],"wp:featuredmedia":[{"embeddable":true,"href":"https:\/\/www.golflasamericas.com\/fr\/wp-json\/wp\/v2\/media\/13598"}],"wp:attachment":[{"href":"https:\/\/www.golflasamericas.com\/fr\/wp-json\/wp\/v2\/media?parent=13455"}],"wp:term":[{"taxonomy":"category","embeddable":true,"href":"https:\/\/www.golflasamericas.com\/fr\/wp-json\/wp\/v2\/categories?post=13455"},{"taxonomy":"post_tag","embeddable":true,"href":"https:\/\/www.golflasamericas.com\/fr\/wp-json\/wp\/v2\/tags?post=13455"}],"curies":[{"name":"wp","href":"https:\/\/api.w.org\/{rel}","templated":true}]}}