{"id":8938,"date":"2023-10-10T12:04:48","date_gmt":"2023-10-10T11:04:48","guid":{"rendered":"https:\/\/www.golflasamericas.com\/?p=8938"},"modified":"2023-12-02T19:02:34","modified_gmt":"2023-12-02T18:02:34","slug":"lasmadrigueras","status":"publish","type":"post","link":"https:\/\/www.golflasamericas.com\/en\/lasmadrigueras\/","title":{"rendered":"Las Madrigueras Golf Resort&#038;Spa renueva su apuesta por el Trofeo de Campeones"},"content":{"rendered":"\t\t<div data-elementor-type=\"wp-post\" data-elementor-id=\"8938\" class=\"elementor elementor-8938\" data-elementor-post-type=\"post\">\n\t\t\t\t\t\t<section class=\"elementor-section elementor-top-section elementor-element elementor-element-6d7b62dd elementor-section-boxed elementor-section-height-default elementor-section-height-default\" data-id=\"6d7b62dd\" data-element_type=\"section\" data-e-type=\"section\">\n\t\t\t\t\t\t<div class=\"elementor-container elementor-column-gap-default\">\n\t\t\t\t\t<div class=\"elementor-column elementor-col-100 elementor-top-column elementor-element elementor-element-3533d32a\" data-id=\"3533d32a\" data-element_type=\"column\" data-e-type=\"column\">\n\t\t\t<div class=\"elementor-widget-wrap elementor-element-populated\">\n\t\t\t\t\t\t<div class=\"elementor-element elementor-element-b8d5bed elementor-widget elementor-widget-image\" data-id=\"b8d5bed\" data-element_type=\"widget\" data-e-type=\"widget\" data-widget_type=\"image.default\">\n\t\t\t\t<div class=\"elementor-widget-container\">\n\t\t\t\t\t\t\t\t\t\t\t\t\t\t\t<img fetchpriority=\"high\" decoding=\"async\" width=\"768\" height=\"986\" src=\"https:\/\/www.golflasamericas.com\/wordpress\/wp-content\/uploads\/2023\/10\/cartel_championstrophy12-768x986.jpg\" class=\"attachment-medium_large size-medium_large wp-image-8928\" alt=\"Trofeo de Campeones de Tenerife presentado por Mercedes-Benz Victoria\" srcset=\"https:\/\/www.golflasamericas.com\/wordpress\/wp-content\/uploads\/2023\/10\/cartel_championstrophy12-768x986.jpg 768w, https:\/\/www.golflasamericas.com\/wordpress\/wp-content\/uploads\/2023\/10\/cartel_championstrophy12-234x300.jpg 234w, https:\/\/www.golflasamericas.com\/wordpress\/wp-content\/uploads\/2023\/10\/cartel_championstrophy12-798x1024.jpg 798w, https:\/\/www.golflasamericas.com\/wordpress\/wp-content\/uploads\/2023\/10\/cartel_championstrophy12-1197x1536.jpg 1197w, https:\/\/www.golflasamericas.com\/wordpress\/wp-content\/uploads\/2023\/10\/cartel_championstrophy12.jpg 1587w\" sizes=\"(max-width: 768px) 100vw, 768px\" \/>\t\t\t\t\t\t\t\t\t\t\t\t\t\t\t<\/div>\n\t\t\t\t<\/div>\n\t\t\t\t<div class=\"elementor-element elementor-element-4607535 elementor-widget elementor-widget-text-editor\" data-id=\"4607535\" data-element_type=\"widget\" data-e-type=\"widget\" data-widget_type=\"text-editor.default\">\n\t\t\t\t<div class=\"elementor-widget-container\">\n\t\t\t\t\t\t\t\t\t<h6>Cartel oficial del II Champions Trophy Mercedes-Benz Victoria en Golf Las Am\u00e9ricas<\/h6>\t\t\t\t\t\t\t\t<\/div>\n\t\t\t\t<\/div>\n\t\t\t\t<div class=\"elementor-element elementor-element-1ca31a7e elementor-widget elementor-widget-text-editor\" data-id=\"1ca31a7e\" data-element_type=\"widget\" data-e-type=\"widget\" data-widget_type=\"text-editor.default\">\n\t\t\t\t<div class=\"elementor-widget-container\">\n\t\t\t\t\t\t\t\t\t<h4><span style=\"mso-fareast-font-family: 'Times New Roman';\">\ud83c\udfc6\ud83c\udff4\udb40\udc67\udb40\udc62\udb40\udc73\udb40\udc63\udb40\udc74\udb40\udc7f <strong>Las Madrigueras Golf Resort &amp; Spa <\/strong><\/span>renueva su apuesta por el Trofeo de Campeones de Tenerife\u00a0<\/h4>\t\t\t\t\t\t\t\t<\/div>\n\t\t\t\t<\/div>\n\t\t\t\t<div class=\"elementor-element elementor-element-be0ccc7 elementor-widget elementor-widget-image\" data-id=\"be0ccc7\" data-element_type=\"widget\" data-e-type=\"widget\" data-widget_type=\"image.default\">\n\t\t\t\t<div class=\"elementor-widget-container\">\n\t\t\t\t\t\t\t\t\t\t\t\t\t\t\t<img decoding=\"async\" width=\"768\" height=\"529\" src=\"https:\/\/www.golflasamericas.com\/wordpress\/wp-content\/uploads\/2022\/08\/foto_newsletter-768x529.jpg\" class=\"attachment-medium_large size-medium_large wp-image-5592\" alt=\"\" srcset=\"https:\/\/www.golflasamericas.com\/wordpress\/wp-content\/uploads\/2022\/08\/foto_newsletter-768x529.jpg 768w, https:\/\/www.golflasamericas.com\/wordpress\/wp-content\/uploads\/2022\/08\/foto_newsletter-300x207.jpg 300w, https:\/\/www.golflasamericas.com\/wordpress\/wp-content\/uploads\/2022\/08\/foto_newsletter.jpg 1024w\" sizes=\"(max-width: 768px) 100vw, 768px\" \/>\t\t\t\t\t\t\t\t\t\t\t\t\t\t\t<\/div>\n\t\t\t\t<\/div>\n\t\t\t\t<div class=\"elementor-element elementor-element-22ffd92 elementor-widget elementor-widget-text-editor\" data-id=\"22ffd92\" data-element_type=\"widget\" data-e-type=\"widget\" data-widget_type=\"text-editor.default\">\n\t\t\t\t<div class=\"elementor-widget-container\">\n\t\t\t\t\t\t\t\t\t<p>\ud83c\udfc6\ud83c\udfe8 Los ganadores de pr\u00f3ximo Trofeo de Campeones <a href=\"https:\/\/mercedes-victoria.es\/\" target=\"_blank\" rel=\"noopener\">Mercedes-Benz Victoria<\/a> recibir\u00e1n el Trofeo Mercedes y una estancia en <a href=\"https:\/\/www.hotellasmadrigueras.com\/es\/\" target=\"_blank\" rel=\"noopener\">Las Madrigueras Golf Resort&amp;Spa<\/a>. <br \/>El hotel de 5 estrellas de Playa de Las Am\u00e9ricas ha renovado su acuerdo con Golf Las Am\u00e9ricas y volver\u00e1 a formar parte de los colaboradores del evento junto con el patrocinador principal <a class=\"x1i10hfl xjbqb8w x6umtig x1b1mbwd xaqea5y xav7gou x9f619 x1ypdohk xt0psk2 xe8uvvx xdj266r x11i5rnm xat24cr x1mh8g0r xexx8yu x4uap5 x18d9i69 xkhd6sd x16tdsg8 x1hl2dhg xggy1nq x1a2a7pz notranslate _a6hd\" tabindex=\"0\" role=\"link\" href=\"https:\/\/www.instagram.com\/mercedesbenzvictoria\/\">@mercedesbenzvictoria<\/a> , <a href=\"https:\/\/rental-ecocar.com\/\" target=\"_blank\" rel=\"noopener\">Rental EcoCar<\/a> y <a class=\"x1i10hfl xjbqb8w x6umtig x1b1mbwd xaqea5y xav7gou x9f619 x1ypdohk xt0psk2 xe8uvvx xdj266r x11i5rnm xat24cr x1mh8g0r xexx8yu x4uap5 x18d9i69 xkhd6sd x16tdsg8 x1hl2dhg xggy1nq x1a2a7pz notranslate _a6hd\" tabindex=\"0\" role=\"link\" href=\"https:\/\/www.centroocasionlaschafiras.com\/\" target=\"_blank\" rel=\"noopener\">Centro Ocasi\u00f3n Las Chafiras<\/a><\/p><p>\ud83e\udd47Campeones 2023 en el cartel:<br \/>\ud83c\udfcc\ufe0f\u200d\u2642\ufe0f <a class=\"x1i10hfl xjbqb8w x6umtig x1b1mbwd xaqea5y xav7gou x9f619 x1ypdohk xt0psk2 xe8uvvx xdj266r x11i5rnm xat24cr x1mh8g0r xexx8yu x4uap5 x18d9i69 xkhd6sd x16tdsg8 x1hl2dhg xggy1nq x1a2a7pz notranslate _a6hd\" tabindex=\"0\" role=\"link\" href=\"https:\/\/www.instagram.com\/victormarrerosuarez\/\">@victormarrerosuarez<\/a> campe\u00f3n del Match Play Las Am\u00e9ricas 1a cat <br \/>\ud83c\udfcc\ufe0f <a class=\"x1i10hfl xjbqb8w x6umtig x1b1mbwd xaqea5y xav7gou x9f619 x1ypdohk xt0psk2 xe8uvvx xdj266r x11i5rnm xat24cr x1mh8g0r xexx8yu x4uap5 x18d9i69 xkhd6sd x16tdsg8 x1hl2dhg xggy1nq x1a2a7pz notranslate _a6hd\" tabindex=\"0\" role=\"link\" href=\"https:\/\/www.instagram.com\/conorflaherty96\/\">@conorflaherty96<\/a> campe\u00f3n scratch Circuito Regional Amateur FCG Las Am\u00e9ricas <br \/>\ud83c\udfcc\ud83c\udffc\u200d\u2640\ufe0f <a class=\"x1i10hfl xjbqb8w x6umtig x1b1mbwd xaqea5y xav7gou x9f619 x1ypdohk xt0psk2 xe8uvvx xdj266r x11i5rnm xat24cr x1mh8g0r xexx8yu x4uap5 x18d9i69 xkhd6sd x16tdsg8 x1hl2dhg xggy1nq x1a2a7pz notranslate _a6hd\" tabindex=\"0\" role=\"link\" href=\"https:\/\/www.instagram.com\/_0meeeryyy0_\/\">@_0meeeryyy0_<\/a> campeona handicap Circuito Regional Amateur FCG Las Am\u00e9ricas <br \/>\ud83c\udfcc\ufe0f\u200d\u2642\ufe0f <a class=\"x1i10hfl xjbqb8w x6umtig x1b1mbwd xaqea5y xav7gou x9f619 x1ypdohk xt0psk2 xe8uvvx xdj266r x11i5rnm xat24cr x1mh8g0r xexx8yu x4uap5 x18d9i69 xkhd6sd x16tdsg8 x1hl2dhg xggy1nq x1a2a7pz notranslate _a6hd\" tabindex=\"0\" role=\"link\" href=\"https:\/\/www.instagram.com\/scottbeasley75\/\">@scottbeasley75<\/a> campe\u00f3n scratch Torneo Villa Cort\u00e9s formando pareja con Gary Boyd <br \/>\ud83c\udfcc\ufe0f <a class=\"x1i10hfl xjbqb8w x6umtig x1b1mbwd xaqea5y xav7gou x9f619 x1ypdohk xt0psk2 xe8uvvx xdj266r x11i5rnm xat24cr x1mh8g0r xexx8yu x4uap5 x18d9i69 xkhd6sd x16tdsg8 x1hl2dhg xggy1nq x1a2a7pz notranslate _a6hd\" tabindex=\"0\" role=\"link\" href=\"https:\/\/www.instagram.com\/martincoraprotesico\/\">@martincoraprotesico<\/a> campe\u00f3n scratch IV Torneo Santander Tenerife<\/p><p>\ud83c\udfc6 Champions Trophy presentado por Mercedes-Benz Victoria <br \/>\ud83d\uddd3\ufe0f 16 de diciembre 2023<br \/>\ud83c\udfcc\ufe0f\u00a0 <a href=\"https:\/\/www.golflasamericas.com\/torneos\/trofeo-de-campeones-2023\/\" target=\"_blank\" rel=\"noopener\">P\u00c1GINA DEL TORNEO<\/a><br \/><a href=\"https:\/\/www.golflasamericas.com\/wordpress\/wp-content\/uploads\/2023\/12\/basesdecompeticion_trofeocampeones2023-1.pdf\" target=\"_blank\" rel=\"noopener\">Bases de Competici\u00f3n 2023<\/a><br \/>Cartel del torneo 2023<br \/><a href=\"https:\/\/golfencanarias.com\/el-16-de-diciembre-vuelve-el-torneo-de-campeones-mercedes-victoria-a-golf-las-americas\/\" target=\"_blank\" rel=\"noopener\">Previa de Golf en Canarias<\/a><\/p>\t\t\t\t\t\t\t\t<\/div>\n\t\t\t\t<\/div>\n\t\t\t\t<div class=\"elementor-element elementor-element-6dd6154 elementor-widget elementor-widget-image\" data-id=\"6dd6154\" data-element_type=\"widget\" data-e-type=\"widget\" data-widget_type=\"image.default\">\n\t\t\t\t<div class=\"elementor-widget-container\">\n\t\t\t\t\t\t\t\t\t\t\t\t\t\t\t<img decoding=\"async\" width=\"768\" height=\"555\" src=\"https:\/\/www.golflasamericas.com\/wordpress\/wp-content\/uploads\/2023\/10\/apaisada_eqc-768x555.jpg\" class=\"attachment-medium_large size-medium_large wp-image-8805\" alt=\"Presentaci\u00f3n Trofeo de Campeones 2023\" srcset=\"https:\/\/www.golflasamericas.com\/wordpress\/wp-content\/uploads\/2023\/10\/apaisada_eqc-768x555.jpg 768w, https:\/\/www.golflasamericas.com\/wordpress\/wp-content\/uploads\/2023\/10\/apaisada_eqc-300x217.jpg 300w, https:\/\/www.golflasamericas.com\/wordpress\/wp-content\/uploads\/2023\/10\/apaisada_eqc-1024x740.jpg 1024w, https:\/\/www.golflasamericas.com\/wordpress\/wp-content\/uploads\/2023\/10\/apaisada_eqc-1536x1111.jpg 1536w, https:\/\/www.golflasamericas.com\/wordpress\/wp-content\/uploads\/2023\/10\/apaisada_eqc-2048x1481.jpg 2048w\" sizes=\"(max-width: 768px) 100vw, 768px\" \/>\t\t\t\t\t\t\t\t\t\t\t\t\t\t\t<\/div>\n\t\t\t\t<\/div>\n\t\t\t\t<div class=\"elementor-element elementor-element-b6147ae elementor-widget-divider--view-line elementor-widget elementor-widget-divider\" data-id=\"b6147ae\" data-element_type=\"widget\" data-e-type=\"widget\" data-widget_type=\"divider.default\">\n\t\t\t\t<div class=\"elementor-widget-container\">\n\t\t\t\t\t\t\t<div class=\"elementor-divider\">\n\t\t\t<span class=\"elementor-divider-separator\">\n\t\t\t\t\t\t<\/span>\n\t\t<\/div>\n\t\t\t\t\t\t<\/div>\n\t\t\t\t<\/div>\n\t\t\t\t\t<\/div>\n\t\t<\/div>\n\t\t\t\t\t<\/div>\n\t\t<\/section>\n\t\t\t\t<\/div>\n\t\t","protected":false},"excerpt":{"rendered":"<p>Cartel oficial del II Champions Trophy Mercedes-Benz Victoria en Golf Las Am\u00e9ricas \ud83c\udfc6\ud83c\udff4\udb40\udc67\udb40\udc62\udb40\udc73\udb40\udc63\udb40\udc74\udb40\udc7f Las Madrigueras Golf Resort &amp; Spa renueva su apuesta por el Trofeo de Campeones de Tenerife\u00a0 \ud83c\udfc6\ud83c\udfe8 Los ganadores de pr\u00f3ximo Trofeo de Campeones Mercedes-Benz Victoria recibir\u00e1n el Trofeo Mercedes y una estancia en Las Madrigueras Golf Resort&amp;Spa. El hotel de 5 [&hellip;]<\/p>\n","protected":false},"author":2,"featured_media":5596,"comment_status":"open","ping_status":"open","sticky":false,"template":"","format":"standard","meta":{"footnotes":""},"categories":[1,36],"tags":[80,60,75,47,97,78,43,48,96,42,95,79,44,76,77,45],"class_list":["post-8938","post","type-post","status-publish","format-standard","has-post-thumbnail","hentry","category-noticias","category-torneos","tag-amateur","tag-bookings-2","tag-calendario","tag-canary-islands","tag-clasificatorio","tag-competition","tag-green-fees","tag-islas-canarias","tag-previa-rolex","tag-reservas","tag-rolex","tag-schedule","tag-tenerife-golf","tag-torneos","tag-tournaments","tag-visit-tenerife"],"_links":{"self":[{"href":"https:\/\/www.golflasamericas.com\/en\/wp-json\/wp\/v2\/posts\/8938","targetHints":{"allow":["GET"]}}],"collection":[{"href":"https:\/\/www.golflasamericas.com\/en\/wp-json\/wp\/v2\/posts"}],"about":[{"href":"https:\/\/www.golflasamericas.com\/en\/wp-json\/wp\/v2\/types\/post"}],"author":[{"embeddable":true,"href":"https:\/\/www.golflasamericas.com\/en\/wp-json\/wp\/v2\/users\/2"}],"replies":[{"embeddable":true,"href":"https:\/\/www.golflasamericas.com\/en\/wp-json\/wp\/v2\/comments?post=8938"}],"version-history":[{"count":23,"href":"https:\/\/www.golflasamericas.com\/en\/wp-json\/wp\/v2\/posts\/8938\/revisions"}],"predecessor-version":[{"id":9046,"href":"https:\/\/www.golflasamericas.com\/en\/wp-json\/wp\/v2\/posts\/8938\/revisions\/9046"}],"wp:featuredmedia":[{"embeddable":true,"href":"https:\/\/www.golflasamericas.com\/en\/wp-json\/wp\/v2\/media\/5596"}],"wp:attachment":[{"href":"https:\/\/www.golflasamericas.com\/en\/wp-json\/wp\/v2\/media?parent=8938"}],"wp:term":[{"taxonomy":"category","embeddable":true,"href":"https:\/\/www.golflasamericas.com\/en\/wp-json\/wp\/v2\/categories?post=8938"},{"taxonomy":"post_tag","embeddable":true,"href":"https:\/\/www.golflasamericas.com\/en\/wp-json\/wp\/v2\/tags?post=8938"}],"curies":[{"name":"wp","href":"https:\/\/api.w.org\/{rel}","templated":true}]}}