{"id":4548,"date":"2022-03-17T18:37:28","date_gmt":"2022-03-17T17:37:28","guid":{"rendered":"https:\/\/www.golflasamericas.com\/?p=4548"},"modified":"2022-03-17T18:44:56","modified_gmt":"2022-03-17T17:44:56","slug":"happystpatricksday","status":"publish","type":"post","link":"https:\/\/www.golflasamericas.com\/en\/happystpatricksday\/","title":{"rendered":"Happy Saint Patrick&#8217;s Day"},"content":{"rendered":"\t\t<div data-elementor-type=\"wp-post\" data-elementor-id=\"4548\" class=\"elementor elementor-4548 elementor-4546\" data-elementor-post-type=\"post\">\n\t\t\t\t\t\t<section class=\"elementor-section elementor-top-section elementor-element elementor-element-6d7b62dd elementor-section-boxed elementor-section-height-default elementor-section-height-default\" data-id=\"6d7b62dd\" data-element_type=\"section\" data-e-type=\"section\">\n\t\t\t\t\t\t<div class=\"elementor-container elementor-column-gap-default\">\n\t\t\t\t\t<div class=\"elementor-column elementor-col-100 elementor-top-column elementor-element elementor-element-3533d32a\" data-id=\"3533d32a\" data-element_type=\"column\" data-e-type=\"column\">\n\t\t\t<div class=\"elementor-widget-wrap elementor-element-populated\">\n\t\t\t\t\t\t<div class=\"elementor-element elementor-element-778cba2 elementor-widget elementor-widget-image\" data-id=\"778cba2\" data-element_type=\"widget\" data-e-type=\"widget\" data-widget_type=\"image.default\">\n\t\t\t\t<div class=\"elementor-widget-container\">\n\t\t\t\t\t\t\t\t\t\t\t\t\t\t\t<img fetchpriority=\"high\" decoding=\"async\" width=\"768\" height=\"576\" src=\"https:\/\/www.golflasamericas.com\/wordpress\/wp-content\/uploads\/2022\/03\/IMG-20180319-WA0009-768x576.jpg\" class=\"attachment-medium_large size-medium_large wp-image-4555\" alt=\"St. Patrick&#039;s Day\" srcset=\"https:\/\/www.golflasamericas.com\/wordpress\/wp-content\/uploads\/2022\/03\/IMG-20180319-WA0009-768x576.jpg 768w, https:\/\/www.golflasamericas.com\/wordpress\/wp-content\/uploads\/2022\/03\/IMG-20180319-WA0009-300x225.jpg 300w, https:\/\/www.golflasamericas.com\/wordpress\/wp-content\/uploads\/2022\/03\/IMG-20180319-WA0009-1024x768.jpg 1024w, https:\/\/www.golflasamericas.com\/wordpress\/wp-content\/uploads\/2022\/03\/IMG-20180319-WA0009-1536x1152.jpg 1536w, https:\/\/www.golflasamericas.com\/wordpress\/wp-content\/uploads\/2022\/03\/IMG-20180319-WA0009.jpg 1600w\" sizes=\"(max-width: 768px) 100vw, 768px\" \/>\t\t\t\t\t\t\t\t\t\t\t\t\t\t\t<\/div>\n\t\t\t\t<\/div>\n\t\t\t\t<div class=\"elementor-element elementor-element-a2d22ea elementor-widget elementor-widget-text-editor\" data-id=\"a2d22ea\" data-element_type=\"widget\" data-e-type=\"widget\" data-widget_type=\"text-editor.default\">\n\t\t\t\t<div class=\"elementor-widget-container\">\n\t\t\t\t\t\t\t\t\t<h3>LET&#8217;S CELEBRATE!<\/h3><div><div dir=\"auto\"><div dir=\"auto\"><div data-block=\"true\" data-editor=\"a834g\" data-offset-key=\"62mnm-0-0\"><div data-offset-key=\"62mnm-0-0\"><div><div dir=\"auto\">Golf Las Am\u00e9ricas RESTAURANT<\/div><\/div><p>Celebrate Saint Patrick&#8217;s Day on the terrace overlooking the 18th green.<\/p><p>Opening times:<br \/>Every day from 7:30 am until 7 pm <br \/>Kitchen open:<br \/>Every day from 8am until 6pm<\/p><\/div><\/div><\/div><\/div><\/div>\t\t\t\t\t\t\t\t<\/div>\n\t\t\t\t<\/div>\n\t\t\t\t<div class=\"elementor-element elementor-element-7a93ed8 elementor-widget elementor-widget-text-editor\" data-id=\"7a93ed8\" data-element_type=\"widget\" data-e-type=\"widget\" data-widget_type=\"text-editor.default\">\n\t\t\t\t<div class=\"elementor-widget-container\">\n\t\t\t\t\t\t\t\t\t<p><a href=\"https:\/\/www.golflasamericas.com\/en\/the-course\/restaurant\/\" target=\"_blank\" rel=\"noopener\">+INFO Golf Las Am\u00e9ricas Restaurant<\/a><\/p>\t\t\t\t\t\t\t\t<\/div>\n\t\t\t\t<\/div>\n\t\t\t\t<div class=\"elementor-element elementor-element-92a5784 elementor-widget elementor-widget-image\" data-id=\"92a5784\" data-element_type=\"widget\" data-e-type=\"widget\" data-widget_type=\"image.default\">\n\t\t\t\t<div class=\"elementor-widget-container\">\n\t\t\t\t\t\t\t\t\t\t\t\t\t\t\t<img decoding=\"async\" width=\"768\" height=\"432\" src=\"https:\/\/www.golflasamericas.com\/wordpress\/wp-content\/uploads\/2022\/03\/20180313_101231-768x432.jpg\" class=\"attachment-medium_large size-medium_large wp-image-4559\" alt=\"St. Patrick&#039;s Day\" srcset=\"https:\/\/www.golflasamericas.com\/wordpress\/wp-content\/uploads\/2022\/03\/20180313_101231-768x432.jpg 768w, https:\/\/www.golflasamericas.com\/wordpress\/wp-content\/uploads\/2022\/03\/20180313_101231-300x169.jpg 300w, https:\/\/www.golflasamericas.com\/wordpress\/wp-content\/uploads\/2022\/03\/20180313_101231-1024x576.jpg 1024w, https:\/\/www.golflasamericas.com\/wordpress\/wp-content\/uploads\/2022\/03\/20180313_101231-1536x864.jpg 1536w, https:\/\/www.golflasamericas.com\/wordpress\/wp-content\/uploads\/2022\/03\/20180313_101231-2048x1152.jpg 2048w\" sizes=\"(max-width: 768px) 100vw, 768px\" \/>\t\t\t\t\t\t\t\t\t\t\t\t\t\t\t<\/div>\n\t\t\t\t<\/div>\n\t\t\t\t<div class=\"elementor-element elementor-element-46899d1 elementor-widget elementor-widget-facebook-embed\" data-id=\"46899d1\" data-element_type=\"widget\" data-e-type=\"widget\" data-widget_type=\"facebook-embed.default\">\n\t\t\t\t<div class=\"elementor-widget-container\">\n\t\t\t\t\t<div style=\"min-height: 1px\" class=\"elementor-facebook-widget fb-post\" data-href=\"https:\/\/www.facebook.com\/golflasamericas\/videos\/900027110692087\" data-show-text=\"true\"><\/div>\t\t\t\t<\/div>\n\t\t\t\t<\/div>\n\t\t\t\t<div class=\"elementor-element elementor-element-f991c76 elementor-widget elementor-widget-text-editor\" data-id=\"f991c76\" data-element_type=\"widget\" data-e-type=\"widget\" data-widget_type=\"text-editor.default\">\n\t\t\t\t<div class=\"elementor-widget-container\">\n\t\t\t\t\t\t\t\t\t<p>SAINT PATRICK&#8217;S DAY [<a href=\"https:\/\/en.wikipedia.org\/wiki\/Saint_Patrick%27s_Day\" target=\"_blank\" rel=\"noopener\">source Wikipedia<\/a>]<\/p><p><span lang=\"EN-GB\" style=\"mso-ansi-language: EN-GB;\">Saint Patrick&#8217;s Day, or the Feast of Saint Patrick (Irish: L\u00e1 Fh\u00e9ile P\u00e1draig), is a cultural and religious celebration held on 17 March, the traditional death date of Saint Patrick (c.\u2009385\u00a0\u2013 c.\u2009461), the foremost patron saint of Ireland. <\/span><\/p><p>Saint Patrick&#8217;s Day was made an official Christian feast day in the early 17th century and is observed by the <a title=\"Catholic Church\" href=\"https:\/\/en.wikipedia.org\/wiki\/Catholic_Church\">Catholic Church<\/a>, the <a title=\"Anglican Communion\" href=\"https:\/\/en.wikipedia.org\/wiki\/Anglican_Communion\">Anglican Communion<\/a> (especially the <a title=\"Church of Ireland\" href=\"https:\/\/en.wikipedia.org\/wiki\/Church_of_Ireland\">Church of Ireland<\/a>), the <a title=\"Eastern Orthodox Church\" href=\"https:\/\/en.wikipedia.org\/wiki\/Eastern_Orthodox_Church\">Eastern Orthodox Church<\/a>, and the <a title=\"Lutheranism\" href=\"https:\/\/en.wikipedia.org\/wiki\/Lutheranism\">Lutheran Church<\/a>. The day commemorates Saint Patrick and the arrival of Christianity in Ireland, and celebrates the heritage and culture of the Irish in general.\u00a0\u00a0<\/p><p><span lang=\"EN-GB\" style=\"mso-ansi-language: EN-GB;\">Saint Patrick&#8217;s Day is a public holiday in the <\/span><a title=\"Republic of Ireland\" href=\"https:\/\/en.wikipedia.org\/wiki\/Republic_of_Ireland\"><span lang=\"EN-GB\" style=\"mso-ansi-language: EN-GB;\">Republic of Ireland<\/span><\/a><span lang=\"EN-GB\" style=\"mso-ansi-language: EN-GB;\">,<\/span> <a title=\"Northern Ireland\" href=\"https:\/\/en.wikipedia.org\/wiki\/Northern_Ireland\"><span lang=\"EN-GB\" style=\"mso-ansi-language: EN-GB;\">Northern Ireland<\/span><\/a><span lang=\"EN-GB\" style=\"mso-ansi-language: EN-GB;\">,<\/span> <span lang=\"EN-GB\" style=\"mso-ansi-language: EN-GB;\">the Canadian province of Newfoundland and Labrador (for provincial government employees), and the British Overseas Territory of <\/span><a title=\"Montserrat\" href=\"https:\/\/en.wikipedia.org\/wiki\/Montserrat\"><span lang=\"EN-GB\" style=\"mso-ansi-language: EN-GB;\">Montserrat<\/span><\/a><span lang=\"EN-GB\" style=\"mso-ansi-language: EN-GB;\">. <\/span>It is also widely celebrated in the <a title=\"United Kingdom\" href=\"https:\/\/en.wikipedia.org\/wiki\/United_Kingdom\">United Kingdom<\/a>, <a title=\"Canada\" href=\"https:\/\/en.wikipedia.org\/wiki\/Canada\">Canada<\/a>, <a title=\"United States\" href=\"https:\/\/en.wikipedia.org\/wiki\/United_States\">United States<\/a>, <a title=\"Brazil\" href=\"https:\/\/en.wikipedia.org\/wiki\/Brazil\">Brazil<\/a>, <a title=\"Argentina\" href=\"https:\/\/en.wikipedia.org\/wiki\/Argentina\">Argentina<\/a>, <a title=\"Australia\" href=\"https:\/\/en.wikipedia.org\/wiki\/Australia\">Australia<\/a> and <a title=\"New Zealand\" href=\"https:\/\/en.wikipedia.org\/wiki\/New_Zealand\">New Zealand<\/a>, especially amongst Irish diaspora. Saint Patrick&#8217;s Day is celebrated in more countries than any other national festival. Modern celebrations have been greatly influenced by those of the Irish diaspora, particularly those that developed in North America. <span lang=\"EN-GB\" style=\"mso-ansi-language: EN-GB;\">However, there has been criticism of Saint Patrick&#8217;s Day celebrations for having become too commercialised and for fostering negative stereotypes of the Irish people. <\/span><\/p>\t\t\t\t\t\t\t\t<\/div>\n\t\t\t\t<\/div>\n\t\t\t\t<div class=\"elementor-element elementor-element-3cd52c1 elementor-widget elementor-widget-image\" data-id=\"3cd52c1\" data-element_type=\"widget\" data-e-type=\"widget\" data-widget_type=\"image.default\">\n\t\t\t\t<div class=\"elementor-widget-container\">\n\t\t\t\t\t\t\t\t\t\t\t\t\t\t\t<img decoding=\"async\" width=\"768\" height=\"1024\" src=\"https:\/\/www.golflasamericas.com\/wordpress\/wp-content\/uploads\/2022\/03\/IMG-20180319-WA0013-768x1024.jpg\" class=\"attachment-medium_large size-medium_large wp-image-4563\" alt=\"St. Patrick&#039;s Day\" srcset=\"https:\/\/www.golflasamericas.com\/wordpress\/wp-content\/uploads\/2022\/03\/IMG-20180319-WA0013-768x1024.jpg 768w, https:\/\/www.golflasamericas.com\/wordpress\/wp-content\/uploads\/2022\/03\/IMG-20180319-WA0013-225x300.jpg 225w, https:\/\/www.golflasamericas.com\/wordpress\/wp-content\/uploads\/2022\/03\/IMG-20180319-WA0013-1152x1536.jpg 1152w, https:\/\/www.golflasamericas.com\/wordpress\/wp-content\/uploads\/2022\/03\/IMG-20180319-WA0013.jpg 1200w\" sizes=\"(max-width: 768px) 100vw, 768px\" \/>\t\t\t\t\t\t\t\t\t\t\t\t\t\t\t<\/div>\n\t\t\t\t<\/div>\n\t\t\t\t<div class=\"elementor-element elementor-element-0e00597 elementor-widget elementor-widget-facebook-embed\" data-id=\"0e00597\" data-element_type=\"widget\" data-e-type=\"widget\" data-widget_type=\"facebook-embed.default\">\n\t\t\t\t<div class=\"elementor-widget-container\">\n\t\t\t\t\t<div style=\"min-height: 1px\" class=\"elementor-facebook-widget fb-post\" data-href=\"https:\/\/fb.watch\/bt-riia2R4\/\" data-show-text=\"false\"><\/div>\t\t\t\t<\/div>\n\t\t\t\t<\/div>\n\t\t\t\t<div class=\"elementor-element elementor-element-6d3f025 elementor-widget elementor-widget-image\" data-id=\"6d3f025\" data-element_type=\"widget\" data-e-type=\"widget\" data-widget_type=\"image.default\">\n\t\t\t\t<div class=\"elementor-widget-container\">\n\t\t\t\t\t\t\t\t\t\t\t\t\t\t\t<img loading=\"lazy\" decoding=\"async\" width=\"500\" height=\"500\" src=\"https:\/\/www.golflasamericas.com\/wordpress\/wp-content\/uploads\/2022\/03\/fotolia_194738899.jpg\" class=\"attachment-large size-large wp-image-4567\" alt=\"St. Patrick&#039;s Day\" srcset=\"https:\/\/www.golflasamericas.com\/wordpress\/wp-content\/uploads\/2022\/03\/fotolia_194738899.jpg 500w, https:\/\/www.golflasamericas.com\/wordpress\/wp-content\/uploads\/2022\/03\/fotolia_194738899-300x300.jpg 300w, https:\/\/www.golflasamericas.com\/wordpress\/wp-content\/uploads\/2022\/03\/fotolia_194738899-150x150.jpg 150w\" sizes=\"(max-width: 500px) 100vw, 500px\" \/>\t\t\t\t\t\t\t\t\t\t\t\t\t\t\t<\/div>\n\t\t\t\t<\/div>\n\t\t\t\t<div class=\"elementor-element elementor-element-24944aa elementor-widget-divider--view-line elementor-widget elementor-widget-divider\" data-id=\"24944aa\" data-element_type=\"widget\" data-e-type=\"widget\" data-widget_type=\"divider.default\">\n\t\t\t\t<div class=\"elementor-widget-container\">\n\t\t\t\t\t\t\t<div class=\"elementor-divider\">\n\t\t\t<span class=\"elementor-divider-separator\">\n\t\t\t\t\t\t<\/span>\n\t\t<\/div>\n\t\t\t\t\t\t<\/div>\n\t\t\t\t<\/div>\n\t\t\t\t<div class=\"elementor-element elementor-element-c986b37 elementor-widget elementor-widget-facebook-embed\" data-id=\"c986b37\" data-element_type=\"widget\" data-e-type=\"widget\" data-widget_type=\"facebook-embed.default\">\n\t\t\t\t<div class=\"elementor-widget-container\">\n\t\t\t\t\t<div style=\"min-height: 1px\" class=\"elementor-facebook-widget fb-video\" data-href=\"https:\/\/www.facebook.com\/golflasamericas\/videos\/900027110692087\/\" data-show-text=\"false\" data-allowfullscreen=\"true\" data-autoplay=\"true\" data-show-captions=\"false\"><\/div>\t\t\t\t<\/div>\n\t\t\t\t<\/div>\n\t\t\t\t\t<\/div>\n\t\t<\/div>\n\t\t\t\t\t<\/div>\n\t\t<\/section>\n\t\t\t\t<\/div>\n\t\t","protected":false},"excerpt":{"rendered":"<p>LET&#8217;S CELEBRATE! Golf Las Am\u00e9ricas RESTAURANT Celebrate Saint Patrick&#8217;s Day on the terrace overlooking the 18th green. Opening times:Every day from 7:30 am until 7 pm Kitchen open:Every day from 8am until 6pm +INFO Golf Las Am\u00e9ricas Restaurant SAINT PATRICK&#8217;S DAY [source Wikipedia] Saint Patrick&#8217;s Day, or the Feast of Saint Patrick (Irish: L\u00e1 Fh\u00e9ile [&hellip;]<\/p>\n","protected":false},"author":2,"featured_media":4551,"comment_status":"open","ping_status":"open","sticky":false,"template":"","format":"standard","meta":{"footnotes":""},"categories":[13],"tags":[49,55,47,54,56,57,83,43,50,74,73,48,82,53,46,81,42,86,85,84,51,44,52,45],"class_list":["post-4548","post","type-post","status-publish","format-standard","has-post-thumbnail","hentry","category-news","tag-bookings","tag-canary-islands-en-2","tag-canary-islands","tag-canary-islands-en","tag-golf","tag-golf-las-americas","tag-golf-lessons","tag-green-fees","tag-green-fees-en","tag-hernandez-cabezuela","tag-interview","tag-islas-canarias","tag-islas-canarias-en","tag-playa-de-las-americas-en","tag-playa-de-las-americas","tag-reservas-en","tag-reservas","tag-sverige","tag-sweden","tag-swedish-golf","tag-tenerife-golf-en","tag-tenerife-golf","tag-visit-tenerife-en","tag-visit-tenerife"],"_links":{"self":[{"href":"https:\/\/www.golflasamericas.com\/en\/wp-json\/wp\/v2\/posts\/4548","targetHints":{"allow":["GET"]}}],"collection":[{"href":"https:\/\/www.golflasamericas.com\/en\/wp-json\/wp\/v2\/posts"}],"about":[{"href":"https:\/\/www.golflasamericas.com\/en\/wp-json\/wp\/v2\/types\/post"}],"author":[{"embeddable":true,"href":"https:\/\/www.golflasamericas.com\/en\/wp-json\/wp\/v2\/users\/2"}],"replies":[{"embeddable":true,"href":"https:\/\/www.golflasamericas.com\/en\/wp-json\/wp\/v2\/comments?post=4548"}],"version-history":[{"count":6,"href":"https:\/\/www.golflasamericas.com\/en\/wp-json\/wp\/v2\/posts\/4548\/revisions"}],"predecessor-version":[{"id":4578,"href":"https:\/\/www.golflasamericas.com\/en\/wp-json\/wp\/v2\/posts\/4548\/revisions\/4578"}],"wp:featuredmedia":[{"embeddable":true,"href":"https:\/\/www.golflasamericas.com\/en\/wp-json\/wp\/v2\/media\/4551"}],"wp:attachment":[{"href":"https:\/\/www.golflasamericas.com\/en\/wp-json\/wp\/v2\/media?parent=4548"}],"wp:term":[{"taxonomy":"category","embeddable":true,"href":"https:\/\/www.golflasamericas.com\/en\/wp-json\/wp\/v2\/categories?post=4548"},{"taxonomy":"post_tag","embeddable":true,"href":"https:\/\/www.golflasamericas.com\/en\/wp-json\/wp\/v2\/tags?post=4548"}],"curies":[{"name":"wp","href":"https:\/\/api.w.org\/{rel}","templated":true}]}}