{"id":4208,"date":"2022-02-24T13:39:12","date_gmt":"2022-02-24T12:39:12","guid":{"rendered":"https:\/\/www.golflasamericas.com\/?p=4208"},"modified":"2022-02-24T13:50:26","modified_gmt":"2022-02-24T12:50:26","slug":"alavarohdez","status":"publish","type":"post","link":"https:\/\/www.golflasamericas.com\/en\/alavarohdez\/","title":{"rendered":"New sponsorship agreement"},"content":{"rendered":"\t\t<div data-elementor-type=\"wp-post\" data-elementor-id=\"4208\" class=\"elementor elementor-4208 elementor-4206\" data-elementor-post-type=\"post\">\n\t\t\t\t\t\t<section class=\"elementor-section elementor-top-section elementor-element elementor-element-6d7b62dd elementor-section-boxed elementor-section-height-default elementor-section-height-default\" data-id=\"6d7b62dd\" data-element_type=\"section\" data-e-type=\"section\">\n\t\t\t\t\t\t<div class=\"elementor-container elementor-column-gap-default\">\n\t\t\t\t\t<div class=\"elementor-column elementor-col-100 elementor-top-column elementor-element elementor-element-3533d32a\" data-id=\"3533d32a\" data-element_type=\"column\" data-e-type=\"column\">\n\t\t\t<div class=\"elementor-widget-wrap elementor-element-populated\">\n\t\t\t\t\t\t<div class=\"elementor-element elementor-element-778cba2 elementor-widget elementor-widget-image\" data-id=\"778cba2\" data-element_type=\"widget\" data-e-type=\"widget\" data-widget_type=\"image.default\">\n\t\t\t\t<div class=\"elementor-widget-container\">\n\t\t\t\t\t\t\t\t\t\t\t\t\t\t\t<img fetchpriority=\"high\" decoding=\"async\" width=\"768\" height=\"512\" src=\"https:\/\/www.golflasamericas.com\/wordpress\/wp-content\/uploads\/2022\/02\/IMG_7760-768x512.jpg\" class=\"attachment-medium_large size-medium_large wp-image-4215\" alt=\"\" srcset=\"https:\/\/www.golflasamericas.com\/wordpress\/wp-content\/uploads\/2022\/02\/IMG_7760-768x512.jpg 768w, https:\/\/www.golflasamericas.com\/wordpress\/wp-content\/uploads\/2022\/02\/IMG_7760-300x200.jpg 300w, https:\/\/www.golflasamericas.com\/wordpress\/wp-content\/uploads\/2022\/02\/IMG_7760-1024x683.jpg 1024w, https:\/\/www.golflasamericas.com\/wordpress\/wp-content\/uploads\/2022\/02\/IMG_7760-1536x1024.jpg 1536w, https:\/\/www.golflasamericas.com\/wordpress\/wp-content\/uploads\/2022\/02\/IMG_7760-2048x1365.jpg 2048w\" sizes=\"(max-width: 768px) 100vw, 768px\" \/>\t\t\t\t\t\t\t\t\t\t\t\t\t\t\t<\/div>\n\t\t\t\t<\/div>\n\t\t\t\t<div class=\"elementor-element elementor-element-1ca31a7e elementor-widget elementor-widget-text-editor\" data-id=\"1ca31a7e\" data-element_type=\"widget\" data-e-type=\"widget\" data-widget_type=\"text-editor.default\">\n\t\t\t\t<div class=\"elementor-widget-container\">\n\t\t\t\t\t\t\t\t\t<div>\n<h3>NEW SPONSORSHIP DEAL<\/h3>\n<div>\n<div dir=\"auto\">\n<div dir=\"auto\">\n<div data-block=\"true\" data-editor=\"a834g\" data-offset-key=\"epjav-0-0\">\n<div data-offset-key=\"epjav-0-0\"><span data-offset-key=\"epjav-0-0\">&nbsp;<\/span><\/div>\n<\/div>\n<div data-block=\"true\" data-editor=\"a834g\" data-offset-key=\"62mnm-0-0\">\n<div data-offset-key=\"62mnm-0-0\"><span data-offset-key=\"62mnm-0-0\">Golf Las Am\u00e9ricas <\/span><span data-offset-key=\"62mnm-1-0\">presents a new <\/span><span data-offset-key=\"62mnm-2-0\">sponsorship<\/span><span data-offset-key=\"62mnm-3-0\"> agreement with the professional \u00c1lvaro Hern\u00e1ndez Cabezuela, member of the Pro Spain Team, the Spanish Golf Federation programme for rising golf stars. <br><\/span><\/div>\n<\/div>\n<div data-offset-key=\"62mnm-0-0\">\n<div class=\"\" data-block=\"true\" data-editor=\"a834g\" data-offset-key=\"62mnm-0-0\">\n<div class=\"_1mf _1mj\" data-offset-key=\"62mnm-0-0\"><span data-offset-key=\"62mnm-3-0\">&nbsp;<\/span><\/div>\n<\/div>\n<div class=\"\" data-block=\"true\" data-editor=\"a834g\" data-offset-key=\"41b7q-0-0\">\n<div class=\"_1mf _1mj\" data-offset-key=\"41b7q-0-0\"><span data-offset-key=\"41b7q-0-0\"><img decoding=\"async\" class=\"emoji\" role=\"img\" draggable=\"false\" src=\"https:\/\/s.w.org\/images\/core\/emoji\/13.1.0\/svg\/1f3cc.svg\" alt=\"\ud83c\udfcc\ufe0f\">The player from <\/span><span class=\"diy96o5h\"><span data-offset-key=\"41b7q-1-0\">Tenerife<\/span><\/span><span data-offset-key=\"41b7q-2-0\"> will feature the logo of <\/span><span class=\"diy96o5h\"><span data-offset-key=\"41b7q-3-0\">Golf Las Am\u00e9ricas<\/span><\/span><span data-offset-key=\"41b7q-4-0\"> on his <\/span><span class=\"diy96o5h\"><span data-offset-key=\"41b7q-5-0\">golf bag<\/span><\/span><span data-offset-key=\"41b7q-6-0\"> when he plays Challenge Tour and Alps Tour&nbsp; tournaments this season starting next week in <\/span><span class=\"diy96o5h\"><span data-offset-key=\"41b7q-7-0\">Egypt<\/span><\/span><span data-offset-key=\"41b7q-8-0\">. <\/span><\/div>\n<\/div>\n<div class=\"\" data-block=\"true\" data-editor=\"a834g\" data-offset-key=\"2p46i-0-0\">\n<div class=\"_1mf _1mj\" data-offset-key=\"2p46i-0-0\"><span data-offset-key=\"2p46i-0-0\">&nbsp;<\/span><\/div>\n<\/div>\n<div class=\"\" data-block=\"true\" data-editor=\"a834g\" data-offset-key=\"7gjcr-0-0\">\n<div class=\"_1mf _1mj\" data-offset-key=\"7gjcr-0-0\"><span data-offset-key=\"7gjcr-0-0\"><img decoding=\"async\" class=\"emoji\" role=\"img\" draggable=\"false\" src=\"https:\/\/s.w.org\/images\/core\/emoji\/13.1.0\/svg\/1f91d.svg\" alt=\"\ud83e\udd1d\">The current Spanish Am Champion, who turned pro last season, will also be sponsored by Tenerife Tourism Board, Spanish Golf Federation, Canarian Golf Federation, Turismo de Arona, Titleist, Footjoy and Adidas Store Tenerife. <\/span><\/div>\n<\/div>\n<\/div>\n<\/div>\n<\/div>\n<\/div>\n<\/div>\t\t\t\t\t\t\t\t<\/div>\n\t\t\t\t<\/div>\n\t\t\t\t<div class=\"elementor-element elementor-element-92a5784 elementor-widget elementor-widget-image\" data-id=\"92a5784\" data-element_type=\"widget\" data-e-type=\"widget\" data-widget_type=\"image.default\">\n\t\t\t\t<div class=\"elementor-widget-container\">\n\t\t\t\t\t\t\t\t\t\t\t\t\t\t\t<img decoding=\"async\" width=\"768\" height=\"1024\" src=\"https:\/\/www.golflasamericas.com\/wordpress\/wp-content\/uploads\/2022\/02\/C6BC802C-6127-4F25-9B65-A3E95E7A8EA6-768x1024.jpg\" class=\"attachment-medium_large size-medium_large wp-image-4299\" alt=\"Golf Las Am\u00e9ricas logo on Alvaro\u00a1s golf bag\" srcset=\"https:\/\/www.golflasamericas.com\/wordpress\/wp-content\/uploads\/2022\/02\/C6BC802C-6127-4F25-9B65-A3E95E7A8EA6-768x1024.jpg 768w, https:\/\/www.golflasamericas.com\/wordpress\/wp-content\/uploads\/2022\/02\/C6BC802C-6127-4F25-9B65-A3E95E7A8EA6-225x300.jpg 225w, https:\/\/www.golflasamericas.com\/wordpress\/wp-content\/uploads\/2022\/02\/C6BC802C-6127-4F25-9B65-A3E95E7A8EA6.jpg 960w\" sizes=\"(max-width: 768px) 100vw, 768px\" \/>\t\t\t\t\t\t\t\t\t\t\t\t\t\t\t<\/div>\n\t\t\t\t<\/div>\n\t\t\t\t<div class=\"elementor-element elementor-element-cbd4e41 elementor-widget elementor-widget-image\" data-id=\"cbd4e41\" data-element_type=\"widget\" data-e-type=\"widget\" data-widget_type=\"image.default\">\n\t\t\t\t<div class=\"elementor-widget-container\">\n\t\t\t\t\t\t\t\t\t\t\t\t\t\t\t<img decoding=\"async\" width=\"768\" height=\"512\" src=\"https:\/\/www.golflasamericas.com\/wordpress\/wp-content\/uploads\/2022\/02\/IMG_7775-768x512.jpg\" class=\"attachment-medium_large size-medium_large wp-image-4267\" alt=\"\u00c1lvaro Hern\u00e1ndez Cabezuela\" srcset=\"https:\/\/www.golflasamericas.com\/wordpress\/wp-content\/uploads\/2022\/02\/IMG_7775-768x512.jpg 768w, https:\/\/www.golflasamericas.com\/wordpress\/wp-content\/uploads\/2022\/02\/IMG_7775-300x200.jpg 300w, https:\/\/www.golflasamericas.com\/wordpress\/wp-content\/uploads\/2022\/02\/IMG_7775-1024x683.jpg 1024w, https:\/\/www.golflasamericas.com\/wordpress\/wp-content\/uploads\/2022\/02\/IMG_7775-1536x1024.jpg 1536w, https:\/\/www.golflasamericas.com\/wordpress\/wp-content\/uploads\/2022\/02\/IMG_7775-2048x1365.jpg 2048w\" sizes=\"(max-width: 768px) 100vw, 768px\" \/>\t\t\t\t\t\t\t\t\t\t\t\t\t\t\t<\/div>\n\t\t\t\t<\/div>\n\t\t\t\t<div class=\"elementor-element elementor-element-ddc904b elementor-widget elementor-widget-image\" data-id=\"ddc904b\" data-element_type=\"widget\" data-e-type=\"widget\" data-widget_type=\"image.default\">\n\t\t\t\t<div class=\"elementor-widget-container\">\n\t\t\t\t\t\t\t\t\t\t\t\t\t\t\t<img loading=\"lazy\" decoding=\"async\" width=\"768\" height=\"512\" src=\"https:\/\/www.golflasamericas.com\/wordpress\/wp-content\/uploads\/2022\/02\/IMG_7780-768x512.jpg\" class=\"attachment-medium_large size-medium_large wp-image-4287\" alt=\"\u00c1lvaro Hern\u00e1ndez Cabezuela\" srcset=\"https:\/\/www.golflasamericas.com\/wordpress\/wp-content\/uploads\/2022\/02\/IMG_7780-768x512.jpg 768w, https:\/\/www.golflasamericas.com\/wordpress\/wp-content\/uploads\/2022\/02\/IMG_7780-300x200.jpg 300w, https:\/\/www.golflasamericas.com\/wordpress\/wp-content\/uploads\/2022\/02\/IMG_7780-1024x683.jpg 1024w, https:\/\/www.golflasamericas.com\/wordpress\/wp-content\/uploads\/2022\/02\/IMG_7780-1536x1024.jpg 1536w, https:\/\/www.golflasamericas.com\/wordpress\/wp-content\/uploads\/2022\/02\/IMG_7780-2048x1365.jpg 2048w\" sizes=\"(max-width: 768px) 100vw, 768px\" \/>\t\t\t\t\t\t\t\t\t\t\t\t\t\t\t<\/div>\n\t\t\t\t<\/div>\n\t\t\t\t<div class=\"elementor-element elementor-element-c2b94cb elementor-widget elementor-widget-image\" data-id=\"c2b94cb\" data-element_type=\"widget\" data-e-type=\"widget\" data-widget_type=\"image.default\">\n\t\t\t\t<div class=\"elementor-widget-container\">\n\t\t\t\t\t\t\t\t\t\t\t\t\t\t\t<img loading=\"lazy\" decoding=\"async\" width=\"768\" height=\"512\" src=\"https:\/\/www.golflasamericas.com\/wordpress\/wp-content\/uploads\/2022\/02\/IMG_7776-768x512.jpg\" class=\"attachment-medium_large size-medium_large wp-image-4271\" alt=\"\" srcset=\"https:\/\/www.golflasamericas.com\/wordpress\/wp-content\/uploads\/2022\/02\/IMG_7776-768x512.jpg 768w, https:\/\/www.golflasamericas.com\/wordpress\/wp-content\/uploads\/2022\/02\/IMG_7776-300x200.jpg 300w, https:\/\/www.golflasamericas.com\/wordpress\/wp-content\/uploads\/2022\/02\/IMG_7776-1024x683.jpg 1024w, https:\/\/www.golflasamericas.com\/wordpress\/wp-content\/uploads\/2022\/02\/IMG_7776-1536x1024.jpg 1536w, https:\/\/www.golflasamericas.com\/wordpress\/wp-content\/uploads\/2022\/02\/IMG_7776-2048x1365.jpg 2048w\" sizes=\"(max-width: 768px) 100vw, 768px\" \/>\t\t\t\t\t\t\t\t\t\t\t\t\t\t\t<\/div>\n\t\t\t\t<\/div>\n\t\t\t\t<div class=\"elementor-element elementor-element-24944aa elementor-widget-divider--view-line elementor-widget elementor-widget-divider\" data-id=\"24944aa\" data-element_type=\"widget\" data-e-type=\"widget\" data-widget_type=\"divider.default\">\n\t\t\t\t<div class=\"elementor-widget-container\">\n\t\t\t\t\t\t\t<div class=\"elementor-divider\">\n\t\t\t<span class=\"elementor-divider-separator\">\n\t\t\t\t\t\t<\/span>\n\t\t<\/div>\n\t\t\t\t\t\t<\/div>\n\t\t\t\t<\/div>\n\t\t\t\t\t<\/div>\n\t\t<\/div>\n\t\t\t\t\t<\/div>\n\t\t<\/section>\n\t\t\t\t<\/div>\n\t\t","protected":false},"excerpt":{"rendered":"<p>NEW SPONSORSHIP DEAL Golf Las Am\u00e9ricas presents a new sponsorship agreement with the professional \u00c1lvaro Hern\u00e1ndez Cabezuela, member of the Pro Spain Team, the Spanish Golf Federation programme for rising golf stars. The player from Tenerife will feature the logo of Golf Las Am\u00e9ricas on his golf bag when he plays Challenge Tour and Alps [&hellip;]<\/p>\n","protected":false},"author":2,"featured_media":4279,"comment_status":"open","ping_status":"open","sticky":false,"template":"","format":"standard","meta":{"footnotes":""},"categories":[13],"tags":[49,54,56,57,50,74,73,82,81,51,52],"class_list":["post-4208","post","type-post","status-publish","format-standard","has-post-thumbnail","hentry","category-news","tag-bookings","tag-canary-islands-en","tag-golf","tag-golf-las-americas","tag-green-fees-en","tag-hernandez-cabezuela","tag-interview","tag-islas-canarias-en","tag-reservas-en","tag-tenerife-golf-en","tag-visit-tenerife-en"],"_links":{"self":[{"href":"https:\/\/www.golflasamericas.com\/en\/wp-json\/wp\/v2\/posts\/4208","targetHints":{"allow":["GET"]}}],"collection":[{"href":"https:\/\/www.golflasamericas.com\/en\/wp-json\/wp\/v2\/posts"}],"about":[{"href":"https:\/\/www.golflasamericas.com\/en\/wp-json\/wp\/v2\/types\/post"}],"author":[{"embeddable":true,"href":"https:\/\/www.golflasamericas.com\/en\/wp-json\/wp\/v2\/users\/2"}],"replies":[{"embeddable":true,"href":"https:\/\/www.golflasamericas.com\/en\/wp-json\/wp\/v2\/comments?post=4208"}],"version-history":[{"count":7,"href":"https:\/\/www.golflasamericas.com\/en\/wp-json\/wp\/v2\/posts\/4208\/revisions"}],"predecessor-version":[{"id":4343,"href":"https:\/\/www.golflasamericas.com\/en\/wp-json\/wp\/v2\/posts\/4208\/revisions\/4343"}],"wp:featuredmedia":[{"embeddable":true,"href":"https:\/\/www.golflasamericas.com\/en\/wp-json\/wp\/v2\/media\/4279"}],"wp:attachment":[{"href":"https:\/\/www.golflasamericas.com\/en\/wp-json\/wp\/v2\/media?parent=4208"}],"wp:term":[{"taxonomy":"category","embeddable":true,"href":"https:\/\/www.golflasamericas.com\/en\/wp-json\/wp\/v2\/categories?post=4208"},{"taxonomy":"post_tag","embeddable":true,"href":"https:\/\/www.golflasamericas.com\/en\/wp-json\/wp\/v2\/tags?post=4208"}],"curies":[{"name":"wp","href":"https:\/\/api.w.org\/{rel}","templated":true}]}}