{"id":1453,"date":"2021-05-22T12:01:25","date_gmt":"2021-05-22T11:01:25","guid":{"rendered":"https:\/\/www.golflasamericas.com\/wordpress\/?p=1453"},"modified":"2021-06-18T11:02:06","modified_gmt":"2021-06-18T10:02:06","slug":"beasley-and-elias-medal-day-winners","status":"publish","type":"post","link":"https:\/\/www.golflasamericas.com\/en\/beasley-and-elias-medal-day-winners\/","title":{"rendered":"Beasley and El\u00edas, Medal Day winners"},"content":{"rendered":"<p>Scott Beasley and Walterio El\u00edas, Medal Day winners<\/p>\n<p><span data-offset-key=\"3p97n-5-0\">The current champion Scott Beasley will be the number-1 seed in the\u00a0<\/span><span class=\"diy96o5h\"><span data-offset-key=\"3p97n-6-0\">#playoffslasamericas<\/span><\/span><span data-offset-key=\"3p97n-7-0\">\u00a0after winning the Medal Day (-3). In the 2nd category Walterio El\u00edas will start as number-1 seed after lowering the par (70).<\/span><\/p>\n<div class=\"o9v6fnle cxmmr5t8 oygrvhab hcukyx3x c1et5uql ii04i59q\">\n<div dir=\"auto\"><\/div>\n<div dir=\"auto\"><img fetchpriority=\"high\" decoding=\"async\" class=\"wp-image-648 size-full aligncenter\" src=\"https:\/\/www.golflasamericas.com\/wordpress\/wp-content\/uploads\/2021\/06\/182029559_10158534850053742_3143902355121185038_n.jpeg\" alt=\"\" width=\"720\" height=\"960\" srcset=\"https:\/\/www.golflasamericas.com\/wordpress\/wp-content\/uploads\/2021\/06\/182029559_10158534850053742_3143902355121185038_n.jpeg 720w, https:\/\/www.golflasamericas.com\/wordpress\/wp-content\/uploads\/2021\/06\/182029559_10158534850053742_3143902355121185038_n-225x300.jpeg 225w\" sizes=\"(max-width: 720px) 100vw, 720px\" \/><\/div>\n<div dir=\"auto\" style=\"text-align: center;\">Foto: Walterio El\u00edas, primer clasificado en 2a categor\u00eda<\/div>\n<div dir=\"auto\">\n<div class=\"o9v6fnle cxmmr5t8 oygrvhab hcukyx3x c1et5uql ii04i59q\">\n<div dir=\"auto\"><\/div>\n<div dir=\"auto\">\n<p><a href=\"https:\/\/bit.ly\/2RDre4p\" target=\"_blank\" rel=\"noopener noreferrer\">PLAYOFFS 1ST CATEGORY [PDF]<\/a><\/p>\n<p><a href=\"https:\/\/bit.ly\/2QN8f7a\" target=\"_blank\" rel=\"noopener noreferrer\">PLAYOFFS 2ND CATEGORY [PDF]<\/a><\/p>\n<p><a href=\"https:\/\/bit.ly\/2SfQVYI\" target=\"_blank\" rel=\"noopener noreferrer\">PICTURES &amp; VIDEOS MEDAL DAY\u00a0 22ND OF MAY<\/a><\/p>\n<p>STANDINGS MEDAL DAY\u00a0 [<a href=\"https:\/\/members.imaster.golf\/americas\" target=\"_blank\" rel=\"noopener noreferrer\">Golf Las Am\u00e9ricas Intranet<\/a>]<br \/>\nIf you are not registered on theGolf Las Am\u00e9ricas Intranet, you can apply\u00a0<a href=\"mailto:comunicacion@golf-tenerife.com\" target=\"_blank\" rel=\"noopener noreferrer\">here<\/a>\u00a0by providing proof of your status as a resident.<\/p>\n<p><a href=\"https:\/\/bit.ly\/3hDVRBg\" target=\"_blank\" rel=\"noopener noreferrer\">2021 COMPETITION RULES [PDF]<\/a><\/p>\n<p><a href=\"https:\/\/bit.ly\/3hDVRBg\" target=\"_blank\" rel=\"noopener noreferrer\">GIVEAWAYS [PDF]<\/a><\/p>\n<p><a href=\"https:\/\/www.golflasamericas.com\/en\/las-americas-special-promotion\" target=\"_blank\" rel=\"noopener noreferrer\">2021 TOURNAMENT ANNOUNCEMENT<\/a><\/p>\n<\/div>\n<\/div>\n<\/div>\n<div dir=\"auto\">\n<p><img decoding=\"async\" class=\"wp-image-647 size-full aligncenter\" src=\"https:\/\/www.golflasamericas.com\/wordpress\/wp-content\/uploads\/2021\/06\/188697388_10158534850113742_9159163914735315173_n.jpeg\" alt=\"\" width=\"720\" height=\"960\" srcset=\"https:\/\/www.golflasamericas.com\/wordpress\/wp-content\/uploads\/2021\/06\/188697388_10158534850113742_9159163914735315173_n.jpeg 720w, https:\/\/www.golflasamericas.com\/wordpress\/wp-content\/uploads\/2021\/06\/188697388_10158534850113742_9159163914735315173_n-225x300.jpeg 225w\" sizes=\"(max-width: 720px) 100vw, 720px\" \/><\/p>\n<p style=\"text-align: center;\">Photo: The current champions Scott Beasley, today on the 16th tee<\/p>\n<\/div>\n<\/div>\n","protected":false},"excerpt":{"rendered":"<p>Scott Beasley and Walterio El\u00edas, Medal Day winners The current champion Scott Beasley will be the number-1 seed in the\u00a0#playoffslasamericas\u00a0after winning the Medal Day (-3). In the 2nd category Walterio El\u00edas will start as number-1 seed after lowering the par (70). Foto: Walterio El\u00edas, primer clasificado en 2a categor\u00eda PLAYOFFS 1ST CATEGORY [PDF] PLAYOFFS 2ND [&hellip;]<\/p>\n","protected":false},"author":1,"featured_media":1195,"comment_status":"open","ping_status":"open","sticky":false,"template":"","format":"standard","meta":{"footnotes":""},"categories":[13],"tags":[],"class_list":["post-1453","post","type-post","status-publish","format-standard","has-post-thumbnail","hentry","category-news"],"_links":{"self":[{"href":"https:\/\/www.golflasamericas.com\/en\/wp-json\/wp\/v2\/posts\/1453","targetHints":{"allow":["GET"]}}],"collection":[{"href":"https:\/\/www.golflasamericas.com\/en\/wp-json\/wp\/v2\/posts"}],"about":[{"href":"https:\/\/www.golflasamericas.com\/en\/wp-json\/wp\/v2\/types\/post"}],"author":[{"embeddable":true,"href":"https:\/\/www.golflasamericas.com\/en\/wp-json\/wp\/v2\/users\/1"}],"replies":[{"embeddable":true,"href":"https:\/\/www.golflasamericas.com\/en\/wp-json\/wp\/v2\/comments?post=1453"}],"version-history":[{"count":4,"href":"https:\/\/www.golflasamericas.com\/en\/wp-json\/wp\/v2\/posts\/1453\/revisions"}],"predecessor-version":[{"id":1990,"href":"https:\/\/www.golflasamericas.com\/en\/wp-json\/wp\/v2\/posts\/1453\/revisions\/1990"}],"wp:featuredmedia":[{"embeddable":true,"href":"https:\/\/www.golflasamericas.com\/en\/wp-json\/wp\/v2\/media\/1195"}],"wp:attachment":[{"href":"https:\/\/www.golflasamericas.com\/en\/wp-json\/wp\/v2\/media?parent=1453"}],"wp:term":[{"taxonomy":"category","embeddable":true,"href":"https:\/\/www.golflasamericas.com\/en\/wp-json\/wp\/v2\/categories?post=1453"},{"taxonomy":"post_tag","embeddable":true,"href":"https:\/\/www.golflasamericas.com\/en\/wp-json\/wp\/v2\/tags?post=1453"}],"curies":[{"name":"wp","href":"https:\/\/api.w.org\/{rel}","templated":true}]}}