{"id":13456,"date":"2025-02-17T11:55:42","date_gmt":"2025-02-17T10:55:42","guid":{"rendered":"https:\/\/www.golflasamericas.com\/?p=13456"},"modified":"2025-03-10T16:14:14","modified_gmt":"2025-03-10T15:14:14","slug":"maria_sportsgala","status":"publish","type":"post","link":"https:\/\/www.golflasamericas.com\/en\/maria_sportsgala\/","title":{"rendered":"Mar\u00eda Vel\u00e1zquez honoured at the XXVII Arona Sports Gala"},"content":{"rendered":"\t\t<div data-elementor-type=\"wp-post\" data-elementor-id=\"13456\" class=\"elementor elementor-13456 elementor-13455\" data-elementor-post-type=\"post\">\n\t\t\t\t\t\t<section class=\"elementor-section elementor-top-section elementor-element elementor-element-27cf8c88 elementor-section-boxed elementor-section-height-default elementor-section-height-default\" data-id=\"27cf8c88\" data-element_type=\"section\" data-e-type=\"section\">\n\t\t\t\t\t\t<div class=\"elementor-container elementor-column-gap-default\">\n\t\t\t\t\t<div class=\"elementor-column elementor-col-100 elementor-top-column elementor-element elementor-element-7a0310c2\" data-id=\"7a0310c2\" data-element_type=\"column\" data-e-type=\"column\">\n\t\t\t<div class=\"elementor-widget-wrap elementor-element-populated\">\n\t\t\t\t\t\t<div class=\"elementor-element elementor-element-00421a2 elementor-widget elementor-widget-image\" data-id=\"00421a2\" data-element_type=\"widget\" data-e-type=\"widget\" data-widget_type=\"image.default\">\n\t\t\t\t<div class=\"elementor-widget-container\">\n\t\t\t\t\t\t\t\t\t\t\t\t\t\t\t<img fetchpriority=\"high\" decoding=\"async\" width=\"768\" height=\"1295\" src=\"https:\/\/www.golflasamericas.com\/wordpress\/wp-content\/uploads\/2025\/03\/480678440_10030395636988656_9006595399093265619_n-768x1295.jpg\" class=\"attachment-medium_large size-medium_large wp-image-13463\" alt=\"\" srcset=\"https:\/\/www.golflasamericas.com\/wordpress\/wp-content\/uploads\/2025\/03\/480678440_10030395636988656_9006595399093265619_n-768x1295.jpg 768w, https:\/\/www.golflasamericas.com\/wordpress\/wp-content\/uploads\/2025\/03\/480678440_10030395636988656_9006595399093265619_n-178x300.jpg 178w, https:\/\/www.golflasamericas.com\/wordpress\/wp-content\/uploads\/2025\/03\/480678440_10030395636988656_9006595399093265619_n-608x1024.jpg 608w, https:\/\/www.golflasamericas.com\/wordpress\/wp-content\/uploads\/2025\/03\/480678440_10030395636988656_9006595399093265619_n-911x1536.jpg 911w, https:\/\/www.golflasamericas.com\/wordpress\/wp-content\/uploads\/2025\/03\/480678440_10030395636988656_9006595399093265619_n.jpg 1215w\" sizes=\"(max-width: 768px) 100vw, 768px\" \/>\t\t\t\t\t\t\t\t\t\t\t\t\t\t\t<\/div>\n\t\t\t\t<\/div>\n\t\t\t\t<div class=\"elementor-element elementor-element-52992946 elementor-widget-tablet__width-initial elementor-widget elementor-widget-text-editor\" data-id=\"52992946\" data-element_type=\"widget\" data-e-type=\"widget\" data-widget_type=\"text-editor.default\">\n\t\t\t\t<div class=\"elementor-widget-container\">\n\t\t\t\t\t\t\t\t\t<div><h3 data-start=\"0\" data-end=\"73\"><strong data-start=\"4\" data-end=\"71\">Mar\u00eda Vel\u00e1zquez Morales Honoured at the XXVII Arona Sports Gala<\/strong><\/h3><p data-start=\"75\" data-end=\"400\">The <strong data-start=\"79\" data-end=\"106\">XXVII Arona Sports Gala<\/strong> paid a well-deserved tribute to <strong data-start=\"139\" data-end=\"191\">Golf Las Am\u00e9ricas player Mar\u00eda Vel\u00e1zquez Morales<\/strong>, recognising her as the <strong data-start=\"216\" data-end=\"250\">best female golfer of the year<\/strong>. This prestigious award, presented by the Department of Sports and the Arona Town Council, highlights her outstanding achievements throughout 2024.<\/p><p data-start=\"402\" data-end=\"786\" data-is-last-node=\"\" data-is-only-node=\"\">Mar\u00eda Vel\u00e1zquez has had an unforgettable season, securing the <strong data-start=\"464\" data-end=\"493\">Pitch &amp; Putt triple crown<\/strong> by becoming <strong data-start=\"506\" data-end=\"599\">Spanish Champion, Canary Islands Champion, and Santa Cruz de Tenerife Provincial Champion<\/strong>. In addition, she has enjoyed great success in various competitions, including qualifying for the <strong data-start=\"698\" data-end=\"736\">Meli\u00e1 Golf Challenge in Dubai<\/strong>, which will take place from <strong data-start=\"765\" data-end=\"785\">4th to 9th March<\/strong>.<\/p><\/div>\t\t\t\t\t\t\t\t<\/div>\n\t\t\t\t<\/div>\n\t\t\t\t<div class=\"elementor-element elementor-element-d0e724c elementor-widget elementor-widget-image\" data-id=\"d0e724c\" data-element_type=\"widget\" data-e-type=\"widget\" data-widget_type=\"image.default\">\n\t\t\t\t<div class=\"elementor-widget-container\">\n\t\t\t\t\t\t\t\t\t\t\t\t\t\t\t<img decoding=\"async\" width=\"768\" height=\"1024\" src=\"https:\/\/www.golflasamericas.com\/wordpress\/wp-content\/uploads\/2025\/03\/480815721_10030395670321986_2504435814271285077_n-768x1024.jpg\" class=\"attachment-medium_large size-medium_large wp-image-13467\" alt=\"\" srcset=\"https:\/\/www.golflasamericas.com\/wordpress\/wp-content\/uploads\/2025\/03\/480815721_10030395670321986_2504435814271285077_n-768x1024.jpg 768w, https:\/\/www.golflasamericas.com\/wordpress\/wp-content\/uploads\/2025\/03\/480815721_10030395670321986_2504435814271285077_n-225x300.jpg 225w, https:\/\/www.golflasamericas.com\/wordpress\/wp-content\/uploads\/2025\/03\/480815721_10030395670321986_2504435814271285077_n-1152x1536.jpg 1152w, https:\/\/www.golflasamericas.com\/wordpress\/wp-content\/uploads\/2025\/03\/480815721_10030395670321986_2504435814271285077_n.jpg 1536w\" sizes=\"(max-width: 768px) 100vw, 768px\" \/>\t\t\t\t\t\t\t\t\t\t\t\t\t\t\t<\/div>\n\t\t\t\t<\/div>\n\t\t\t\t<div class=\"elementor-element elementor-element-b03210d elementor-widget elementor-widget-image\" data-id=\"b03210d\" data-element_type=\"widget\" data-e-type=\"widget\" data-widget_type=\"image.default\">\n\t\t\t\t<div class=\"elementor-widget-container\">\n\t\t\t\t\t\t\t\t\t\t\t\t\t\t\t<img decoding=\"async\" width=\"768\" height=\"1033\" src=\"https:\/\/www.golflasamericas.com\/wordpress\/wp-content\/uploads\/2025\/03\/480301353_10030395543655332_9105840277922794644_n-768x1033.jpg\" class=\"attachment-medium_large size-medium_large wp-image-13459\" alt=\"\" srcset=\"https:\/\/www.golflasamericas.com\/wordpress\/wp-content\/uploads\/2025\/03\/480301353_10030395543655332_9105840277922794644_n-768x1033.jpg 768w, https:\/\/www.golflasamericas.com\/wordpress\/wp-content\/uploads\/2025\/03\/480301353_10030395543655332_9105840277922794644_n-223x300.jpg 223w, https:\/\/www.golflasamericas.com\/wordpress\/wp-content\/uploads\/2025\/03\/480301353_10030395543655332_9105840277922794644_n-762x1024.jpg 762w, https:\/\/www.golflasamericas.com\/wordpress\/wp-content\/uploads\/2025\/03\/480301353_10030395543655332_9105840277922794644_n-1142x1536.jpg 1142w, https:\/\/www.golflasamericas.com\/wordpress\/wp-content\/uploads\/2025\/03\/480301353_10030395543655332_9105840277922794644_n.jpg 1523w\" sizes=\"(max-width: 768px) 100vw, 768px\" \/>\t\t\t\t\t\t\t\t\t\t\t\t\t\t\t<\/div>\n\t\t\t\t<\/div>\n\t\t\t\t\t<\/div>\n\t\t<\/div>\n\t\t\t\t\t<\/div>\n\t\t<\/section>\n\t\t\t\t<\/div>\n\t\t","protected":false},"excerpt":{"rendered":"<p>Mar\u00eda Vel\u00e1zquez Morales Honoured at the XXVII Arona Sports Gala The XXVII Arona Sports Gala paid a well-deserved tribute to Golf Las Am\u00e9ricas player Mar\u00eda Vel\u00e1zquez Morales, recognising her as the best female golfer of the year. This prestigious award, presented by the Department of Sports and the Arona Town Council, highlights her outstanding achievements [&hellip;]<\/p>\n","protected":false},"author":2,"featured_media":13599,"comment_status":"open","ping_status":"open","sticky":false,"template":"","format":"standard","meta":{"footnotes":""},"categories":[13],"tags":[179,132,180,183,166,50,178,133,182,164,181,131,67,51],"class_list":["post-13456","post","type-post","status-publish","format-standard","has-post-thumbnail","hentry","category-news","tag-arona","tag-best-tee-times","tag-gala","tag-golf-prize","tag-green","tag-green-fees-en","tag-maria-velazquez","tag-prime-tee-times","tag-prize","tag-putting","tag-sports","tag-tee-times","tag-tenerife-en","tag-tenerife-golf-en"],"_links":{"self":[{"href":"https:\/\/www.golflasamericas.com\/en\/wp-json\/wp\/v2\/posts\/13456","targetHints":{"allow":["GET"]}}],"collection":[{"href":"https:\/\/www.golflasamericas.com\/en\/wp-json\/wp\/v2\/posts"}],"about":[{"href":"https:\/\/www.golflasamericas.com\/en\/wp-json\/wp\/v2\/types\/post"}],"author":[{"embeddable":true,"href":"https:\/\/www.golflasamericas.com\/en\/wp-json\/wp\/v2\/users\/2"}],"replies":[{"embeddable":true,"href":"https:\/\/www.golflasamericas.com\/en\/wp-json\/wp\/v2\/comments?post=13456"}],"version-history":[{"count":8,"href":"https:\/\/www.golflasamericas.com\/en\/wp-json\/wp\/v2\/posts\/13456\/revisions"}],"predecessor-version":[{"id":13648,"href":"https:\/\/www.golflasamericas.com\/en\/wp-json\/wp\/v2\/posts\/13456\/revisions\/13648"}],"wp:featuredmedia":[{"embeddable":true,"href":"https:\/\/www.golflasamericas.com\/en\/wp-json\/wp\/v2\/media\/13599"}],"wp:attachment":[{"href":"https:\/\/www.golflasamericas.com\/en\/wp-json\/wp\/v2\/media?parent=13456"}],"wp:term":[{"taxonomy":"category","embeddable":true,"href":"https:\/\/www.golflasamericas.com\/en\/wp-json\/wp\/v2\/categories?post=13456"},{"taxonomy":"post_tag","embeddable":true,"href":"https:\/\/www.golflasamericas.com\/en\/wp-json\/wp\/v2\/tags?post=13456"}],"curies":[{"name":"wp","href":"https:\/\/api.w.org\/{rel}","templated":true}]}}