{"id":7312,"date":"2022-12-15T21:01:31","date_gmt":"2022-12-15T20:01:31","guid":{"rendered":"https:\/\/www.golflasamericas.com\/?p=7312"},"modified":"2022-12-15T21:53:44","modified_gmt":"2022-12-15T20:53:44","slug":"trofeocampeones_victoria","status":"publish","type":"post","link":"https:\/\/www.golflasamericas.com\/de\/trofeocampeones_victoria\/","title":{"rendered":"Gran nivel en el Trofeo de Campeones por Mercedes-Benz Victoria"},"content":{"rendered":"\t\t<div data-elementor-type=\"wp-post\" data-elementor-id=\"7312\" class=\"elementor elementor-7312\" data-elementor-post-type=\"post\">\n\t\t\t\t\t\t<section class=\"elementor-section elementor-top-section elementor-element elementor-element-6d7b62dd elementor-section-boxed elementor-section-height-default elementor-section-height-default\" data-id=\"6d7b62dd\" data-element_type=\"section\" data-e-type=\"section\">\n\t\t\t\t\t\t<div class=\"elementor-container elementor-column-gap-default\">\n\t\t\t\t\t<div class=\"elementor-column elementor-col-100 elementor-top-column elementor-element elementor-element-3533d32a\" data-id=\"3533d32a\" data-element_type=\"column\" data-e-type=\"column\">\n\t\t\t<div class=\"elementor-widget-wrap elementor-element-populated\">\n\t\t\t\t\t\t<div class=\"elementor-element elementor-element-b8d5bed elementor-widget elementor-widget-image\" data-id=\"b8d5bed\" data-element_type=\"widget\" data-e-type=\"widget\" data-widget_type=\"image.default\">\n\t\t\t\t<div class=\"elementor-widget-container\">\n\t\t\t\t\t\t\t\t\t\t\t\t\t\t\t<img fetchpriority=\"high\" decoding=\"async\" width=\"576\" height=\"432\" src=\"https:\/\/www.golflasamericas.com\/wordpress\/wp-content\/uploads\/2022\/12\/PHOTO-2022-12-13-12-16-41wenok.jpg\" class=\"attachment-large size-large wp-image-7333\" alt=\"\" srcset=\"https:\/\/www.golflasamericas.com\/wordpress\/wp-content\/uploads\/2022\/12\/PHOTO-2022-12-13-12-16-41wenok.jpg 576w, https:\/\/www.golflasamericas.com\/wordpress\/wp-content\/uploads\/2022\/12\/PHOTO-2022-12-13-12-16-41wenok-300x225.jpg 300w\" sizes=\"(max-width: 576px) 100vw, 576px\" \/>\t\t\t\t\t\t\t\t\t\t\t\t\t\t\t<\/div>\n\t\t\t\t<\/div>\n\t\t\t\t<div class=\"elementor-element elementor-element-4607535 elementor-widget elementor-widget-text-editor\" data-id=\"4607535\" data-element_type=\"widget\" data-e-type=\"widget\" data-widget_type=\"text-editor.default\">\n\t\t\t\t<div class=\"elementor-widget-container\">\n\t\t\t\t\t\t\t\t\t<h6>Eduardo Santos, campe\u00f3n Copa Pe\u00f1\u00f3n 2022<\/h6>\t\t\t\t\t\t\t\t<\/div>\n\t\t\t\t<\/div>\n\t\t\t\t<div class=\"elementor-element elementor-element-1ca31a7e elementor-widget elementor-widget-text-editor\" data-id=\"1ca31a7e\" data-element_type=\"widget\" data-e-type=\"widget\" data-widget_type=\"text-editor.default\">\n\t\t\t\t<div class=\"elementor-widget-container\">\n\t\t\t\t\t\t\t\t\t<div><span style=\"mso-fareast-font-family: 'Times New Roman';\"><strong>Gran <\/strong><b>n\u00famero de handicaps bajos en el Trofeo de Campeones presentado por Taller Victoria S.L. con 12 jugadores de 1a categor\u00eda RFEG (hasta 4,4) y hasta 28 jugadores de handicap de 1 d\u00edgito (categor\u00eda Platino hasta 9,9) con un total de 72 jugadores (el resto en categor\u00eda Oro hcp limitado a 18,4).<\/b><\/span><\/div><div><p><strong>\u00a0<\/strong><\/p><p><span style=\"mso-fareast-font-family: 'Times New Roman';\">El Champions Trophy hosted by Mercedes-Benz Victoria que se celebra este s\u00e1bado en Golf Las Am\u00e9ricas contar\u00e1 con la participaci\u00f3n de 3 profesionales fuera de competici\u00f3n liderando los 3 primeros flights, que dar\u00e1n apoyo a esta nueva iniciativa que trata de reunir a los campeones de 2022 de los torneos celebrados en la provincia de Santa Cruz de Tenerife, a modo de colof\u00f3n final a la temporada de torneos. <br \/>El campe\u00f3n de Canarias absoluto de profesionales \u00c1lvaro Hern\u00e1ndez Cabezuela, el director deportivo de la Federaci\u00f3n Canaria de Golf Pedro Urriza y el reci\u00e9n campe\u00f3n de la Copa Pe\u00f1\u00f3n Eduardo Santos, que acaba de dar el salto al profesionalismo, forman este elenco de profesionales que dar\u00e1n un plus a la jornada que cierra el a\u00f1o golf\u00edstico en Tenerife.\u00a0<\/span><\/p><p><span style=\"mso-fareast-font-family: 'Times New Roman';\">Adem\u00e1s, la competici\u00f3n contar\u00e1 con los mejores amateurs del a\u00f1o, con los \u00a0n\u00fameros 1 del Ranking scratch masculino y femenino 2022 del Circuito Amateur de la Federaci\u00f3n Canaria de Golf, \u00c1ngel Gonz\u00e1lez Rodr\u00edguez y Mar\u00eda Vel\u00e1zquez Morales, a la cabeza, as\u00ed como el campe\u00f3n de Espa\u00f1a de FFAA de P&amp;P con Canarias Jes\u00fas Rodr\u00edguez Gonz\u00e1lez.<\/span><\/p><p>\u00a0<\/p><\/div>\t\t\t\t\t\t\t\t<\/div>\n\t\t\t\t<\/div>\n\t\t\t\t<div class=\"elementor-element elementor-element-be0ccc7 elementor-widget elementor-widget-image\" data-id=\"be0ccc7\" data-element_type=\"widget\" data-e-type=\"widget\" data-widget_type=\"image.default\">\n\t\t\t\t<div class=\"elementor-widget-container\">\n\t\t\t\t\t\t\t\t\t\t\t\t\t\t\t<img decoding=\"async\" width=\"768\" height=\"562\" src=\"https:\/\/www.golflasamericas.com\/wordpress\/wp-content\/uploads\/2022\/12\/PHOTO-2022-12-12-13-09-18-768x562.jpg\" class=\"attachment-medium_large size-medium_large wp-image-7317\" alt=\"\" srcset=\"https:\/\/www.golflasamericas.com\/wordpress\/wp-content\/uploads\/2022\/12\/PHOTO-2022-12-12-13-09-18-768x562.jpg 768w, https:\/\/www.golflasamericas.com\/wordpress\/wp-content\/uploads\/2022\/12\/PHOTO-2022-12-12-13-09-18-300x219.jpg 300w, https:\/\/www.golflasamericas.com\/wordpress\/wp-content\/uploads\/2022\/12\/PHOTO-2022-12-12-13-09-18.jpg 904w\" sizes=\"(max-width: 768px) 100vw, 768px\" \/>\t\t\t\t\t\t\t\t\t\t\t\t\t\t\t<\/div>\n\t\t\t\t<\/div>\n\t\t\t\t<div class=\"elementor-element elementor-element-66b7959 elementor-widget elementor-widget-text-editor\" data-id=\"66b7959\" data-element_type=\"widget\" data-e-type=\"widget\" data-widget_type=\"text-editor.default\">\n\t\t\t\t<div class=\"elementor-widget-container\">\n\t\t\t\t\t\t\t\t\t<h6>Pedro Urriza, director deportivo de la FCG<\/h6>\t\t\t\t\t\t\t\t<\/div>\n\t\t\t\t<\/div>\n\t\t\t\t<div class=\"elementor-element elementor-element-22ffd92 elementor-widget elementor-widget-text-editor\" data-id=\"22ffd92\" data-element_type=\"widget\" data-e-type=\"widget\" data-widget_type=\"text-editor.default\">\n\t\t\t\t<div class=\"elementor-widget-container\">\n\t\t\t\t\t\t\t\t\t<p>No pod\u00edan faltar los campeones del Match Play Las Am\u00e9ricas 2022 de 1a y 2a categor\u00eda, Noel Calzadilla (n\u00famero 1 del Ranking scratch Top Players Tenerife) y Michael Bharwani, as\u00ed como todos los campeones scratch de los torneos de LAS AMERICAS GOLF TOUR 2022, destacando a Bel\u00e9n Pedrajas como campeona scratch del Santander y Guillermo Moreno Masi\u00e1 del Trofeo Rolex.\u00a0<\/p><p>Como representante junior tendremos el placer de ver jugar a la m\u00e1s firme promesa tinerfe\u00f1a Rafael Gonz\u00e1lez Albarrac\u00edn (-0,6), del RCGT, reci\u00e9n seleccionado por el Comit\u00e9 Juvenil de la RFEG.<\/p>\t\t\t\t\t\t\t\t<\/div>\n\t\t\t\t<\/div>\n\t\t\t\t<div class=\"elementor-element elementor-element-6dd6154 elementor-widget elementor-widget-image\" data-id=\"6dd6154\" data-element_type=\"widget\" data-e-type=\"widget\" data-widget_type=\"image.default\">\n\t\t\t\t<div class=\"elementor-widget-container\">\n\t\t\t\t\t\t\t\t\t\t\t\t\t\t\t<img decoding=\"async\" width=\"768\" height=\"513\" src=\"https:\/\/www.golflasamericas.com\/wordpress\/wp-content\/uploads\/2022\/09\/IMG_2593-768x513.jpg\" class=\"attachment-medium_large size-medium_large wp-image-6209\" alt=\"\" srcset=\"https:\/\/www.golflasamericas.com\/wordpress\/wp-content\/uploads\/2022\/09\/IMG_2593-768x513.jpg 768w, https:\/\/www.golflasamericas.com\/wordpress\/wp-content\/uploads\/2022\/09\/IMG_2593-300x200.jpg 300w, https:\/\/www.golflasamericas.com\/wordpress\/wp-content\/uploads\/2022\/09\/IMG_2593.jpg 820w\" sizes=\"(max-width: 768px) 100vw, 768px\" \/>\t\t\t\t\t\t\t\t\t\t\t\t\t\t\t<\/div>\n\t\t\t\t<\/div>\n\t\t\t\t<div class=\"elementor-element elementor-element-0437437 elementor-widget elementor-widget-text-editor\" data-id=\"0437437\" data-element_type=\"widget\" data-e-type=\"widget\" data-widget_type=\"text-editor.default\">\n\t\t\t\t<div class=\"elementor-widget-container\">\n\t\t\t\t\t\t\t\t\t<h6>Rafael Gonz\u00e1lez Albarrac\u00edn (-0,6), del RCGT, reci\u00e9n seleccionado por el Comit\u00e9 Juvenil de la RFEG.<\/h6>\t\t\t\t\t\t\t\t<\/div>\n\t\t\t\t<\/div>\n\t\t\t\t<div class=\"elementor-element elementor-element-04c2953 elementor-widget elementor-widget-text-editor\" data-id=\"04c2953\" data-element_type=\"widget\" data-e-type=\"widget\" data-widget_type=\"text-editor.default\">\n\t\t\t\t<div class=\"elementor-widget-container\">\n\t\t\t\t\t\t\t\t\t<p>Juan Francisco Rever\u00f3n, campe\u00f3n de la Copa Capit\u00e1n del RCGT; Scott Beasley, campe\u00f3n del Ranking scratch del Golf Trophy Tenerife; Mario Rodr\u00edguez, campe\u00f3n de Canarias Doble de P&amp;P junto a Noel Calzadilla; Fernando Caceres, campe\u00f3n Hcp de la Copa Presidente de Amarilla o Emilio Palmero, campe\u00f3n Hcp de 2a del Circuito RCGT, son otros de los nombres destacados de un 2022 que se clausura con este novedoso evento, que cuenta con Mercedes-Benz Victori como patrocinador principal.<\/p><p>Los otros partners que dan un impulso a esta competici\u00f3n son el Hotel Las Madrigueras Golf Resort &amp; Spa, como patrocinador, y los colaboradores Spawellplus, INCABE -con sus marcas Heineken Silver y El \u00c1guila Dorada-, Callaway Wilson y Cleveland Golf.<\/p>\t\t\t\t\t\t\t\t<\/div>\n\t\t\t\t<\/div>\n\t\t\t\t<div class=\"elementor-element elementor-element-9f110bb elementor-widget elementor-widget-image\" data-id=\"9f110bb\" data-element_type=\"widget\" data-e-type=\"widget\" data-widget_type=\"image.default\">\n\t\t\t\t<div class=\"elementor-widget-container\">\n\t\t\t\t\t\t\t\t\t\t\t\t\t\t\t<img loading=\"lazy\" decoding=\"async\" width=\"559\" height=\"738\" src=\"https:\/\/www.golflasamericas.com\/wordpress\/wp-content\/uploads\/2022\/09\/038A4123.jpg\" class=\"attachment-medium_large size-medium_large wp-image-6433\" alt=\"\" srcset=\"https:\/\/www.golflasamericas.com\/wordpress\/wp-content\/uploads\/2022\/09\/038A4123.jpg 559w, https:\/\/www.golflasamericas.com\/wordpress\/wp-content\/uploads\/2022\/09\/038A4123-227x300.jpg 227w\" sizes=\"(max-width: 559px) 100vw, 559px\" \/>\t\t\t\t\t\t\t\t\t\t\t\t\t\t\t<\/div>\n\t\t\t\t<\/div>\n\t\t\t\t<div class=\"elementor-element elementor-element-0cf9c90 elementor-widget elementor-widget-text-editor\" data-id=\"0cf9c90\" data-element_type=\"widget\" data-e-type=\"widget\" data-widget_type=\"text-editor.default\">\n\t\t\t\t<div class=\"elementor-widget-container\">\n\t\t\t\t\t\t\t\t\t<h6>Guillermo Moreno Masi\u00e1, campe\u00f3n scratch del Trofeo Rolex 2022<\/h6>\t\t\t\t\t\t\t\t<\/div>\n\t\t\t\t<\/div>\n\t\t\t\t<div class=\"elementor-element elementor-element-23c5efe elementor-widget elementor-widget-text-editor\" data-id=\"23c5efe\" data-element_type=\"widget\" data-e-type=\"widget\" data-widget_type=\"text-editor.default\">\n\t\t\t\t<div class=\"elementor-widget-container\">\n\t\t\t\t\t\t\t\t\t<div dir=\"auto\" style=\"text-align: start;\"><b>Cocktail Entrega de Premios<\/b><\/div><div dir=\"auto\" style=\"text-align: start;\"><p>Y nos espera el plato fuerte de la jornada con la entrega durante el Cocktail Final del <strong>Premio Teide Trophy<\/strong> presentado por Cabildo de Tenerife y auspiciado por la Federaci\u00f3n Canaria de Golf y la Asociaci\u00f3n de Campos de Golf de Tenerife, galard\u00f3n que homenajear\u00e1 al mejor jugador y mejor jugadora canaria de las competiciones celebradas en Tenerife y La Gomera en 2022. Los ganadores obtendr\u00e1n el Trofeo Teide y la invitaci\u00f3n para representar a la provincia en el Campeonato de Espa\u00f1a 2022 de sus respectivas categor\u00edas.\u00a0<\/p><p>\u00a0<\/p><\/div>\t\t\t\t\t\t\t\t<\/div>\n\t\t\t\t<\/div>\n\t\t\t\t<div class=\"elementor-element elementor-element-1c15238 elementor-widget elementor-widget-image\" data-id=\"1c15238\" data-element_type=\"widget\" data-e-type=\"widget\" data-widget_type=\"image.default\">\n\t\t\t\t<div class=\"elementor-widget-container\">\n\t\t\t\t\t\t\t\t\t\t\t\t\t\t\t<img loading=\"lazy\" decoding=\"async\" width=\"768\" height=\"1086\" src=\"https:\/\/www.golflasamericas.com\/wordpress\/wp-content\/uploads\/2022\/12\/cartel_championstrophy2-768x1086.png\" class=\"attachment-medium_large size-medium_large wp-image-7151\" alt=\"\" srcset=\"https:\/\/www.golflasamericas.com\/wordpress\/wp-content\/uploads\/2022\/12\/cartel_championstrophy2-768x1086.png 768w, https:\/\/www.golflasamericas.com\/wordpress\/wp-content\/uploads\/2022\/12\/cartel_championstrophy2-212x300.png 212w, https:\/\/www.golflasamericas.com\/wordpress\/wp-content\/uploads\/2022\/12\/cartel_championstrophy2-724x1024.png 724w, https:\/\/www.golflasamericas.com\/wordpress\/wp-content\/uploads\/2022\/12\/cartel_championstrophy2-1086x1536.png 1086w, https:\/\/www.golflasamericas.com\/wordpress\/wp-content\/uploads\/2022\/12\/cartel_championstrophy2-1448x2048.png 1448w, https:\/\/www.golflasamericas.com\/wordpress\/wp-content\/uploads\/2022\/12\/cartel_championstrophy2.png 1587w\" sizes=\"(max-width: 768px) 100vw, 768px\" \/>\t\t\t\t\t\t\t\t\t\t\t\t\t\t\t<\/div>\n\t\t\t\t<\/div>\n\t\t\t\t<div class=\"elementor-element elementor-element-903a112 elementor-align-center elementor-widget elementor-widget-button\" data-id=\"903a112\" data-element_type=\"widget\" data-e-type=\"widget\" data-widget_type=\"button.default\">\n\t\t\t\t<div class=\"elementor-widget-container\">\n\t\t\t\t\t\t\t\t\t<div class=\"elementor-button-wrapper\">\n\t\t\t\t\t<a class=\"elementor-button elementor-button-link elementor-size-sm\" href=\"https:\/\/www.golflasamericas.com\/wordpress\/wp-content\/uploads\/2022\/12\/HORARIOS-17.12.22.pdf\" target=\"_blank\">\n\t\t\t\t\t\t<span class=\"elementor-button-content-wrapper\">\n\t\t\t\t\t\t\t\t\t<span class=\"elementor-button-text\">SALIDAS CHAMPIONS TROPHY HOSTED BY MERCEDSE-BENZ VICTORIA<\/span>\n\t\t\t\t\t<\/span>\n\t\t\t\t\t<\/a>\n\t\t\t\t<\/div>\n\t\t\t\t\t\t\t\t<\/div>\n\t\t\t\t<\/div>\n\t\t\t\t<div class=\"elementor-element elementor-element-08e9396 elementor-widget elementor-widget-text-editor\" data-id=\"08e9396\" data-element_type=\"widget\" data-e-type=\"widget\" data-widget_type=\"text-editor.default\">\n\t\t\t\t<div class=\"elementor-widget-container\">\n\t\t\t\t\t\t\t\t\t<p><a href=\"https:\/\/www.golflasamericas.com\/torneos\/trofeocampeones\/\" target=\"_blank\" rel=\"noopener\">P\u00e1gina del Champions Trophy hosted by Mercedes-Benz Victoria<br \/><\/a><\/p><p><a href=\"https:\/\/www.golflasamericas.com\/wordpress\/wp-content\/uploads\/2022\/11\/basesdecompeticion_trofeocampeones-1.pdf\" target=\"_blank\" rel=\"noopener\">Bases de competici\u00f3n del Champions Trophy hosted by Mercedes-Benz Victoria<\/a><\/p><p><a href=\"https:\/\/www.golflasamericas.com\/torneos\/teidetrophy\/\" target=\"_blank\" rel=\"noopener\">P\u00e1gina del Teide Trophy presentado por Cabildo de Tenerife<br \/><\/a><\/p><p><a href=\"https:\/\/www.diariodetenerife.info\/premio-teide-trophy-llevara-dos-golfistas-amateurs-campeonato-espana\/\" target=\"_blank\" rel=\"noopener\">NOTA DE PRENSA CABILDO<\/a><\/p><p><a href=\"https:\/\/docs.google.com\/forms\/d\/e\/1FAIpQLSdbamHJJ_1pxGDIkX5Ik6bfPCogimkV_lnPq3ci9o7sHjyIRg\/viewform\" target=\"_blank\" rel=\"noopener\">VOTACI\u00d3N POPULAR TEIDE TROPHY AWARD<br \/><\/a><\/p><p><a href=\"https:\/\/www.golflasamericas.com\/wordpress\/wp-content\/uploads\/2022\/12\/RANKING2022_OK.pdf\" target=\"_blank\" rel=\"noopener\">Lista de nominad@s<\/a><\/p><p><a href=\"https:\/\/www.golflasamericas.com\/wordpress\/wp-content\/uploads\/2022\/12\/RANKING2022_OKDEF.pdf\" target=\"_blank\" rel=\"noopener\">Ranking Top Players Tenerife 2022<\/a><\/p><p><a href=\"https:\/\/www.golflasamericas.com\/wordpress\/wp-content\/uploads\/2022\/12\/teidetrophy_basespremio2022.pptx.pdf\" target=\"_blank\" rel=\"noopener\">Bases de Competici\u00f3n Teide Trophy Award<\/a><\/p>\t\t\t\t\t\t\t\t<\/div>\n\t\t\t\t<\/div>\n\t\t\t\t<div class=\"elementor-element elementor-element-b6147ae elementor-widget-divider--view-line elementor-widget elementor-widget-divider\" data-id=\"b6147ae\" data-element_type=\"widget\" data-e-type=\"widget\" data-widget_type=\"divider.default\">\n\t\t\t\t<div class=\"elementor-widget-container\">\n\t\t\t\t\t\t\t<div class=\"elementor-divider\">\n\t\t\t<span class=\"elementor-divider-separator\">\n\t\t\t\t\t\t<\/span>\n\t\t<\/div>\n\t\t\t\t\t\t<\/div>\n\t\t\t\t<\/div>\n\t\t\t\t\t<\/div>\n\t\t<\/div>\n\t\t\t\t\t<\/div>\n\t\t<\/section>\n\t\t\t\t<\/div>\n\t\t","protected":false},"excerpt":{"rendered":"<p>Eduardo Santos, campe\u00f3n Copa Pe\u00f1\u00f3n 2022 Gran n\u00famero de handicaps bajos en el Trofeo de Campeones presentado por Taller Victoria S.L. con 12 jugadores de 1a categor\u00eda RFEG (hasta 4,4) y hasta 28 jugadores de handicap de 1 d\u00edgito (categor\u00eda Platino hasta 9,9) con un total de 72 jugadores (el resto en categor\u00eda Oro hcp [&hellip;]<\/p>\n","protected":false},"author":2,"featured_media":7334,"comment_status":"open","ping_status":"open","sticky":false,"template":"","format":"standard","meta":{"footnotes":""},"categories":[1,36],"tags":[80,60,75,47,97,78,43,48,96,42,95,79,44,76,77,45],"class_list":["post-7312","post","type-post","status-publish","format-standard","has-post-thumbnail","hentry","category-noticias","category-torneos","tag-amateur","tag-bookings-2","tag-calendario","tag-canary-islands","tag-clasificatorio","tag-competition","tag-green-fees","tag-islas-canarias","tag-previa-rolex","tag-reservas","tag-rolex","tag-schedule","tag-tenerife-golf","tag-torneos","tag-tournaments","tag-visit-tenerife"],"_links":{"self":[{"href":"https:\/\/www.golflasamericas.com\/de\/wp-json\/wp\/v2\/posts\/7312","targetHints":{"allow":["GET"]}}],"collection":[{"href":"https:\/\/www.golflasamericas.com\/de\/wp-json\/wp\/v2\/posts"}],"about":[{"href":"https:\/\/www.golflasamericas.com\/de\/wp-json\/wp\/v2\/types\/post"}],"author":[{"embeddable":true,"href":"https:\/\/www.golflasamericas.com\/de\/wp-json\/wp\/v2\/users\/2"}],"replies":[{"embeddable":true,"href":"https:\/\/www.golflasamericas.com\/de\/wp-json\/wp\/v2\/comments?post=7312"}],"version-history":[{"count":34,"href":"https:\/\/www.golflasamericas.com\/de\/wp-json\/wp\/v2\/posts\/7312\/revisions"}],"predecessor-version":[{"id":7376,"href":"https:\/\/www.golflasamericas.com\/de\/wp-json\/wp\/v2\/posts\/7312\/revisions\/7376"}],"wp:featuredmedia":[{"embeddable":true,"href":"https:\/\/www.golflasamericas.com\/de\/wp-json\/wp\/v2\/media\/7334"}],"wp:attachment":[{"href":"https:\/\/www.golflasamericas.com\/de\/wp-json\/wp\/v2\/media?parent=7312"}],"wp:term":[{"taxonomy":"category","embeddable":true,"href":"https:\/\/www.golflasamericas.com\/de\/wp-json\/wp\/v2\/categories?post=7312"},{"taxonomy":"post_tag","embeddable":true,"href":"https:\/\/www.golflasamericas.com\/de\/wp-json\/wp\/v2\/tags?post=7312"}],"curies":[{"name":"wp","href":"https:\/\/api.w.org\/{rel}","templated":true}]}}