{"id":4546,"date":"2022-03-17T18:12:33","date_gmt":"2022-03-17T17:12:33","guid":{"rendered":"https:\/\/www.golflasamericas.com\/?p=4546"},"modified":"2022-03-17T18:23:52","modified_gmt":"2022-03-17T17:23:52","slug":"feliz-dia-de-san-patricio","status":"publish","type":"post","link":"https:\/\/www.golflasamericas.com\/de\/feliz-dia-de-san-patricio\/","title":{"rendered":"Feliz d\u00eda de San Patricio"},"content":{"rendered":"\t\t<div data-elementor-type=\"wp-post\" data-elementor-id=\"4546\" class=\"elementor elementor-4546\" data-elementor-post-type=\"post\">\n\t\t\t\t\t\t<section class=\"elementor-section elementor-top-section elementor-element elementor-element-6d7b62dd elementor-section-boxed elementor-section-height-default elementor-section-height-default\" data-id=\"6d7b62dd\" data-element_type=\"section\" data-e-type=\"section\">\n\t\t\t\t\t\t<div class=\"elementor-container elementor-column-gap-default\">\n\t\t\t\t\t<div class=\"elementor-column elementor-col-100 elementor-top-column elementor-element elementor-element-3533d32a\" data-id=\"3533d32a\" data-element_type=\"column\" data-e-type=\"column\">\n\t\t\t<div class=\"elementor-widget-wrap elementor-element-populated\">\n\t\t\t\t\t\t<div class=\"elementor-element elementor-element-1ca31a7e elementor-widget elementor-widget-text-editor\" data-id=\"1ca31a7e\" data-element_type=\"widget\" data-e-type=\"widget\" data-widget_type=\"text-editor.default\">\n\t\t\t\t<div class=\"elementor-widget-container\">\n\t\t\t\t\t\t\t\t\t<div><div class=\"container\"><div class=\"row justify-content-center\"><div class=\"col-md-8\"><h3>FELIZ D\u00cdA DE SAN PATRICIO<\/h3><div class=\"field field--name-body field--type-text-with-summary field--label-hidden field__item\"><p>Celebra el Saint Patrick&#8217;s Day en la terraza con vistas al green del 18 de Golf Las Am\u00e9ricas Restaurant.<\/p><p>El <b>D\u00eda de San Patricio<\/b> \u2014o simplemente <b>San Patricio<\/b>\u2014 (en irland\u00e9s: <i>L\u00e1 Fh\u00e9ile P\u00e1draig<\/i>) es una festividad de origen cristiano que se celebra anualmente el 17 de marzo para conmemorar la muerte de san Patricio de Irlanda, patr\u00f3n de Irlanda. Es una fiesta nacional en la Rep\u00fablica de Irlanda y desde las \u00faltimas d\u00e9cadas del siglo\u00a0<span style=\"font-variant: small-caps; text-transform: lowercase;\">XX<\/span> se celebra a nivel mundial debido a la extensa di\u00e1spora irlandesa en pa\u00edses como Francia y Espa\u00f1a e incluso en lugares alejados de Europa como EEUU y Canad\u00e1.\u00a0 <\/p><\/div><\/div><\/div><\/div><\/div>\t\t\t\t\t\t\t\t<\/div>\n\t\t\t\t<\/div>\n\t\t\t\t<div class=\"elementor-element elementor-element-ffe473a elementor-widget elementor-widget-image\" data-id=\"ffe473a\" data-element_type=\"widget\" data-e-type=\"widget\" data-widget_type=\"image.default\">\n\t\t\t\t<div class=\"elementor-widget-container\">\n\t\t\t\t\t\t\t\t\t\t\t\t\t\t\t<img fetchpriority=\"high\" decoding=\"async\" width=\"768\" height=\"576\" src=\"https:\/\/www.golflasamericas.com\/wordpress\/wp-content\/uploads\/2022\/03\/IMG-20180319-WA0009-768x576.jpg\" class=\"attachment-medium_large size-medium_large wp-image-4557\" alt=\"St. Patrick&#039;s Day\" srcset=\"https:\/\/www.golflasamericas.com\/wordpress\/wp-content\/uploads\/2022\/03\/IMG-20180319-WA0009-768x576.jpg 768w, https:\/\/www.golflasamericas.com\/wordpress\/wp-content\/uploads\/2022\/03\/IMG-20180319-WA0009-300x225.jpg 300w, https:\/\/www.golflasamericas.com\/wordpress\/wp-content\/uploads\/2022\/03\/IMG-20180319-WA0009-1024x768.jpg 1024w, https:\/\/www.golflasamericas.com\/wordpress\/wp-content\/uploads\/2022\/03\/IMG-20180319-WA0009-1536x1152.jpg 1536w, https:\/\/www.golflasamericas.com\/wordpress\/wp-content\/uploads\/2022\/03\/IMG-20180319-WA0009.jpg 1600w\" sizes=\"(max-width: 768px) 100vw, 768px\" \/>\t\t\t\t\t\t\t\t\t\t\t\t\t\t\t<\/div>\n\t\t\t\t<\/div>\n\t\t\t\t<div class=\"elementor-element elementor-element-b724e7d elementor-widget elementor-widget-image\" data-id=\"b724e7d\" data-element_type=\"widget\" data-e-type=\"widget\" data-widget_type=\"image.default\">\n\t\t\t\t<div class=\"elementor-widget-container\">\n\t\t\t\t\t\t\t\t\t\t\t\t\t\t\t<img decoding=\"async\" width=\"768\" height=\"432\" src=\"https:\/\/www.golflasamericas.com\/wordpress\/wp-content\/uploads\/2022\/03\/20180313_101231-768x432.jpg\" class=\"attachment-medium_large size-medium_large wp-image-4561\" alt=\"St. Patrick&#039;s Day\" srcset=\"https:\/\/www.golflasamericas.com\/wordpress\/wp-content\/uploads\/2022\/03\/20180313_101231-768x432.jpg 768w, https:\/\/www.golflasamericas.com\/wordpress\/wp-content\/uploads\/2022\/03\/20180313_101231-300x169.jpg 300w, https:\/\/www.golflasamericas.com\/wordpress\/wp-content\/uploads\/2022\/03\/20180313_101231-1024x576.jpg 1024w, https:\/\/www.golflasamericas.com\/wordpress\/wp-content\/uploads\/2022\/03\/20180313_101231-1536x864.jpg 1536w, https:\/\/www.golflasamericas.com\/wordpress\/wp-content\/uploads\/2022\/03\/20180313_101231-2048x1152.jpg 2048w\" sizes=\"(max-width: 768px) 100vw, 768px\" \/>\t\t\t\t\t\t\t\t\t\t\t\t\t\t\t<\/div>\n\t\t\t\t<\/div>\n\t\t\t\t<div class=\"elementor-element elementor-element-c2b8ab0 elementor-widget elementor-widget-image\" data-id=\"c2b8ab0\" data-element_type=\"widget\" data-e-type=\"widget\" data-widget_type=\"image.default\">\n\t\t\t\t<div class=\"elementor-widget-container\">\n\t\t\t\t\t\t\t\t\t\t\t\t\t\t\t<img decoding=\"async\" width=\"598\" height=\"594\" src=\"https:\/\/www.golflasamericas.com\/wordpress\/wp-content\/uploads\/2022\/03\/CARTEL_OK_STPATRICKS2022_ok.jpg\" class=\"attachment-large size-large wp-image-4553\" alt=\"Saint Patrick&#039;s Day\" srcset=\"https:\/\/www.golflasamericas.com\/wordpress\/wp-content\/uploads\/2022\/03\/CARTEL_OK_STPATRICKS2022_ok.jpg 598w, https:\/\/www.golflasamericas.com\/wordpress\/wp-content\/uploads\/2022\/03\/CARTEL_OK_STPATRICKS2022_ok-300x298.jpg 300w, https:\/\/www.golflasamericas.com\/wordpress\/wp-content\/uploads\/2022\/03\/CARTEL_OK_STPATRICKS2022_ok-150x150.jpg 150w\" sizes=\"(max-width: 598px) 100vw, 598px\" \/>\t\t\t\t\t\t\t\t\t\t\t\t\t\t\t<\/div>\n\t\t\t\t<\/div>\n\t\t\t\t<div class=\"elementor-element elementor-element-1da9e60 elementor-widget elementor-widget-image\" data-id=\"1da9e60\" data-element_type=\"widget\" data-e-type=\"widget\" data-widget_type=\"image.default\">\n\t\t\t\t<div class=\"elementor-widget-container\">\n\t\t\t\t\t\t\t\t\t\t\t\t\t\t\t<img loading=\"lazy\" decoding=\"async\" width=\"768\" height=\"1024\" src=\"https:\/\/www.golflasamericas.com\/wordpress\/wp-content\/uploads\/2022\/03\/IMG-20180319-WA0013-768x1024.jpg\" class=\"attachment-medium_large size-medium_large wp-image-4565\" alt=\"St. Patrick&#039;s Day\" srcset=\"https:\/\/www.golflasamericas.com\/wordpress\/wp-content\/uploads\/2022\/03\/IMG-20180319-WA0013-768x1024.jpg 768w, https:\/\/www.golflasamericas.com\/wordpress\/wp-content\/uploads\/2022\/03\/IMG-20180319-WA0013-225x300.jpg 225w, https:\/\/www.golflasamericas.com\/wordpress\/wp-content\/uploads\/2022\/03\/IMG-20180319-WA0013-1152x1536.jpg 1152w, https:\/\/www.golflasamericas.com\/wordpress\/wp-content\/uploads\/2022\/03\/IMG-20180319-WA0013.jpg 1200w\" sizes=\"(max-width: 768px) 100vw, 768px\" \/>\t\t\t\t\t\t\t\t\t\t\t\t\t\t\t<\/div>\n\t\t\t\t<\/div>\n\t\t\t\t<div class=\"elementor-element elementor-element-ebeebd2 elementor-widget elementor-widget-image\" data-id=\"ebeebd2\" data-element_type=\"widget\" data-e-type=\"widget\" data-widget_type=\"image.default\">\n\t\t\t\t<div class=\"elementor-widget-container\">\n\t\t\t\t\t\t\t\t\t\t\t\t\t\t\t<img loading=\"lazy\" decoding=\"async\" width=\"500\" height=\"500\" src=\"https:\/\/www.golflasamericas.com\/wordpress\/wp-content\/uploads\/2022\/03\/fotolia_194738899.jpg\" class=\"attachment-large size-large wp-image-4569\" alt=\"St. Patrick&#039;s Day\" srcset=\"https:\/\/www.golflasamericas.com\/wordpress\/wp-content\/uploads\/2022\/03\/fotolia_194738899.jpg 500w, https:\/\/www.golflasamericas.com\/wordpress\/wp-content\/uploads\/2022\/03\/fotolia_194738899-300x300.jpg 300w, https:\/\/www.golflasamericas.com\/wordpress\/wp-content\/uploads\/2022\/03\/fotolia_194738899-150x150.jpg 150w\" sizes=\"(max-width: 500px) 100vw, 500px\" \/>\t\t\t\t\t\t\t\t\t\t\t\t\t\t\t<\/div>\n\t\t\t\t<\/div>\n\t\t\t\t<div class=\"elementor-element elementor-element-b6147ae elementor-widget-divider--view-line elementor-widget elementor-widget-divider\" data-id=\"b6147ae\" data-element_type=\"widget\" data-e-type=\"widget\" data-widget_type=\"divider.default\">\n\t\t\t\t<div class=\"elementor-widget-container\">\n\t\t\t\t\t\t\t<div class=\"elementor-divider\">\n\t\t\t<span class=\"elementor-divider-separator\">\n\t\t\t\t\t\t<\/span>\n\t\t<\/div>\n\t\t\t\t\t\t<\/div>\n\t\t\t\t<\/div>\n\t\t\t\t\t<\/div>\n\t\t<\/div>\n\t\t\t\t\t<\/div>\n\t\t<\/section>\n\t\t\t\t<\/div>\n\t\t","protected":false},"excerpt":{"rendered":"<p>FELIZ D\u00cdA DE SAN PATRICIO Celebra el Saint Patrick&#8217;s Day en la terraza con vistas al green del 18 de Golf Las Am\u00e9ricas Restaurant. El D\u00eda de San Patricio \u2014o simplemente San Patricio\u2014 (en irland\u00e9s: L\u00e1 Fh\u00e9ile P\u00e1draig) es una festividad de origen cristiano que se celebra anualmente el 17 de marzo para conmemorar la [&hellip;]<\/p>\n","protected":false},"author":2,"featured_media":4550,"comment_status":"open","ping_status":"open","sticky":false,"template":"","format":"standard","meta":{"footnotes":""},"categories":[1],"tags":[80,60,75,47,78,43,48,46,42,79,44,76,77,45],"class_list":["post-4546","post","type-post","status-publish","format-standard","has-post-thumbnail","hentry","category-noticias","tag-amateur","tag-bookings-2","tag-calendario","tag-canary-islands","tag-competition","tag-green-fees","tag-islas-canarias","tag-playa-de-las-americas","tag-reservas","tag-schedule","tag-tenerife-golf","tag-torneos","tag-tournaments","tag-visit-tenerife"],"_links":{"self":[{"href":"https:\/\/www.golflasamericas.com\/de\/wp-json\/wp\/v2\/posts\/4546","targetHints":{"allow":["GET"]}}],"collection":[{"href":"https:\/\/www.golflasamericas.com\/de\/wp-json\/wp\/v2\/posts"}],"about":[{"href":"https:\/\/www.golflasamericas.com\/de\/wp-json\/wp\/v2\/types\/post"}],"author":[{"embeddable":true,"href":"https:\/\/www.golflasamericas.com\/de\/wp-json\/wp\/v2\/users\/2"}],"replies":[{"embeddable":true,"href":"https:\/\/www.golflasamericas.com\/de\/wp-json\/wp\/v2\/comments?post=4546"}],"version-history":[{"count":3,"href":"https:\/\/www.golflasamericas.com\/de\/wp-json\/wp\/v2\/posts\/4546\/revisions"}],"predecessor-version":[{"id":4572,"href":"https:\/\/www.golflasamericas.com\/de\/wp-json\/wp\/v2\/posts\/4546\/revisions\/4572"}],"wp:featuredmedia":[{"embeddable":true,"href":"https:\/\/www.golflasamericas.com\/de\/wp-json\/wp\/v2\/media\/4550"}],"wp:attachment":[{"href":"https:\/\/www.golflasamericas.com\/de\/wp-json\/wp\/v2\/media?parent=4546"}],"wp:term":[{"taxonomy":"category","embeddable":true,"href":"https:\/\/www.golflasamericas.com\/de\/wp-json\/wp\/v2\/categories?post=4546"},{"taxonomy":"post_tag","embeddable":true,"href":"https:\/\/www.golflasamericas.com\/de\/wp-json\/wp\/v2\/tags?post=4546"}],"curies":[{"name":"wp","href":"https:\/\/api.w.org\/{rel}","templated":true}]}}