{"id":4206,"date":"2022-02-21T11:55:50","date_gmt":"2022-02-21T10:55:50","guid":{"rendered":"https:\/\/www.golflasamericas.com\/?p=4206"},"modified":"2022-02-22T14:17:05","modified_gmt":"2022-02-22T13:17:05","slug":"patrocinioalvaro","status":"publish","type":"post","link":"https:\/\/www.golflasamericas.com\/de\/patrocinioalvaro\/","title":{"rendered":"Nuevo acuerdo de patrocinio"},"content":{"rendered":"\t\t<div data-elementor-type=\"wp-post\" data-elementor-id=\"4206\" class=\"elementor elementor-4206\" data-elementor-post-type=\"post\">\n\t\t\t\t\t\t<section class=\"elementor-section elementor-top-section elementor-element elementor-element-6d7b62dd elementor-section-boxed elementor-section-height-default elementor-section-height-default\" data-id=\"6d7b62dd\" data-element_type=\"section\" data-e-type=\"section\">\n\t\t\t\t\t\t<div class=\"elementor-container elementor-column-gap-default\">\n\t\t\t\t\t<div class=\"elementor-column elementor-col-100 elementor-top-column elementor-element elementor-element-3533d32a\" data-id=\"3533d32a\" data-element_type=\"column\" data-e-type=\"column\">\n\t\t\t<div class=\"elementor-widget-wrap elementor-element-populated\">\n\t\t\t\t\t\t<div class=\"elementor-element elementor-element-c775504 elementor-widget elementor-widget-image\" data-id=\"c775504\" data-element_type=\"widget\" data-e-type=\"widget\" data-widget_type=\"image.default\">\n\t\t\t\t<div class=\"elementor-widget-container\">\n\t\t\t\t\t\t\t\t\t\t\t\t\t\t\t<img fetchpriority=\"high\" decoding=\"async\" width=\"768\" height=\"512\" src=\"https:\/\/www.golflasamericas.com\/wordpress\/wp-content\/uploads\/2022\/02\/IMG_7758-768x512.jpg\" class=\"attachment-medium_large size-medium_large wp-image-4213\" alt=\"Sponsorhip deal signing\" srcset=\"https:\/\/www.golflasamericas.com\/wordpress\/wp-content\/uploads\/2022\/02\/IMG_7758-768x512.jpg 768w, https:\/\/www.golflasamericas.com\/wordpress\/wp-content\/uploads\/2022\/02\/IMG_7758-300x200.jpg 300w, https:\/\/www.golflasamericas.com\/wordpress\/wp-content\/uploads\/2022\/02\/IMG_7758-1024x683.jpg 1024w, https:\/\/www.golflasamericas.com\/wordpress\/wp-content\/uploads\/2022\/02\/IMG_7758-1536x1024.jpg 1536w, https:\/\/www.golflasamericas.com\/wordpress\/wp-content\/uploads\/2022\/02\/IMG_7758-2048x1365.jpg 2048w\" sizes=\"(max-width: 768px) 100vw, 768px\" \/>\t\t\t\t\t\t\t\t\t\t\t\t\t\t\t<\/div>\n\t\t\t\t<\/div>\n\t\t\t\t<div class=\"elementor-element elementor-element-1ca31a7e elementor-widget elementor-widget-text-editor\" data-id=\"1ca31a7e\" data-element_type=\"widget\" data-e-type=\"widget\" data-widget_type=\"text-editor.default\">\n\t\t\t\t<div class=\"elementor-widget-container\">\n\t\t\t\t\t\t\t\t\t<div><h5>Golf Las Am\u00e9ricas apoyar\u00e1 a \u00c1lvaro Hern\u00e1ndez Cabezuela en su primera temporada al completo como profesional<\/h5><div><div dir=\"auto\"><div>\u00a0<\/div><\/div><\/div><\/div><div><div dir=\"auto\" style=\"text-align: start;\"><p>Golf Las Am\u00e9ricas y el profesional \u00c1lvaro Hern\u00e1ndez Cabezuela firman un acuerdo de patrocinio para esta nueva temporada, en la que el actual campe\u00f3n de Espa\u00f1a absoluto amateur disputar\u00e1 el Challenge Tour y el Alps Tour.<\/p><\/div><\/div><div><div dir=\"auto\" style=\"text-align: left;\">El jugador tinerfe\u00f1o lucir\u00e1 el logotipo de Golf Las Am\u00e9ricas en su bolsa de palos, y se sumar\u00e1 a diferentes acciones de marketing del campo de golf ubicado en Playa de Las Am\u00e9ricas.<\/div><\/div>\t\t\t\t\t\t\t\t<\/div>\n\t\t\t\t<\/div>\n\t\t\t\t<div class=\"elementor-element elementor-element-9f110bb elementor-widget elementor-widget-image\" data-id=\"9f110bb\" data-element_type=\"widget\" data-e-type=\"widget\" data-widget_type=\"image.default\">\n\t\t\t\t<div class=\"elementor-widget-container\">\n\t\t\t\t\t\t\t\t\t\t\t\t\t\t\t<img decoding=\"async\" width=\"768\" height=\"1024\" src=\"https:\/\/www.golflasamericas.com\/wordpress\/wp-content\/uploads\/2022\/02\/C6BC802C-6127-4F25-9B65-A3E95E7A8EA6-768x1024.jpg\" class=\"attachment-medium_large size-medium_large wp-image-4301\" alt=\"Golf Las Am\u00e9ricas logo on Alvaro\u00a1s golf bag\" srcset=\"https:\/\/www.golflasamericas.com\/wordpress\/wp-content\/uploads\/2022\/02\/C6BC802C-6127-4F25-9B65-A3E95E7A8EA6-768x1024.jpg 768w, https:\/\/www.golflasamericas.com\/wordpress\/wp-content\/uploads\/2022\/02\/C6BC802C-6127-4F25-9B65-A3E95E7A8EA6-225x300.jpg 225w, https:\/\/www.golflasamericas.com\/wordpress\/wp-content\/uploads\/2022\/02\/C6BC802C-6127-4F25-9B65-A3E95E7A8EA6.jpg 960w\" sizes=\"(max-width: 768px) 100vw, 768px\" \/>\t\t\t\t\t\t\t\t\t\t\t\t\t\t\t<\/div>\n\t\t\t\t<\/div>\n\t\t\t\t<div class=\"elementor-element elementor-element-116a120 elementor-widget elementor-widget-text-editor\" data-id=\"116a120\" data-element_type=\"widget\" data-e-type=\"widget\" data-widget_type=\"text-editor.default\">\n\t\t\t\t<div class=\"elementor-widget-container\">\n\t\t\t\t\t\t\t\t\t<div><div dir=\"auto\">\u00c1lvaro forma parte del Pro Spain Team, el programa de j\u00f3venes promesas del golf profesional espa\u00f1ol implementado por la Real Federaci\u00f3n Espa\u00f1ola de Golf. En la temporada pasada se alz\u00f3 con el t\u00edtulo de campe\u00f3n de Espa\u00f1a absoluto amateur en Guadalmina, 74 a\u00f1os despu\u00e9s de que lo consiguiera un jugador tinerfe\u00f1o. Jug\u00f3 como invitado el Tenerife Open del circuito europeo, logrando pasar el corte y acabando entre los 50 mejores con 9 bajo par tras una magn\u00edfica \u00faltima vuelta de 69 golpes en Golf Costa Adeje.\u00a0<\/div><\/div><div><div dir=\"auto\">\u00a0<\/div><div dir=\"auto\">En verano pasado dio el salto al profesionalismo, y esta nueva temporada ser\u00e1 la primera al completo como profesional, en la que podr\u00e1 jugar un m\u00ednimo de 9 pruebas en el Challenge tour, el segundo escalaf\u00f3n del golf europeo, gracias a ser uno de los integrantes del Pro Spain Team.<\/div><\/div>\t\t\t\t\t\t\t\t<\/div>\n\t\t\t\t<\/div>\n\t\t\t\t<div class=\"elementor-element elementor-element-6be7f38 elementor-widget elementor-widget-image\" data-id=\"6be7f38\" data-element_type=\"widget\" data-e-type=\"widget\" data-widget_type=\"image.default\">\n\t\t\t\t<div class=\"elementor-widget-container\">\n\t\t\t\t\t\t\t\t\t\t\t\t\t\t\t<img decoding=\"async\" width=\"768\" height=\"512\" src=\"https:\/\/www.golflasamericas.com\/wordpress\/wp-content\/uploads\/2022\/02\/IMG_7776-768x512.jpg\" class=\"attachment-medium_large size-medium_large wp-image-4273\" alt=\"\" srcset=\"https:\/\/www.golflasamericas.com\/wordpress\/wp-content\/uploads\/2022\/02\/IMG_7776-768x512.jpg 768w, https:\/\/www.golflasamericas.com\/wordpress\/wp-content\/uploads\/2022\/02\/IMG_7776-300x200.jpg 300w, https:\/\/www.golflasamericas.com\/wordpress\/wp-content\/uploads\/2022\/02\/IMG_7776-1024x683.jpg 1024w, https:\/\/www.golflasamericas.com\/wordpress\/wp-content\/uploads\/2022\/02\/IMG_7776-1536x1024.jpg 1536w, https:\/\/www.golflasamericas.com\/wordpress\/wp-content\/uploads\/2022\/02\/IMG_7776-2048x1365.jpg 2048w\" sizes=\"(max-width: 768px) 100vw, 768px\" \/>\t\t\t\t\t\t\t\t\t\t\t\t\t\t\t<\/div>\n\t\t\t\t<\/div>\n\t\t\t\t<div class=\"elementor-element elementor-element-f6b39be elementor-widget elementor-widget-text-editor\" data-id=\"f6b39be\" data-element_type=\"widget\" data-e-type=\"widget\" data-widget_type=\"text-editor.default\">\n\t\t\t\t<div class=\"elementor-widget-container\">\n\t\t\t\t\t\t\t\t\t<div><div dir=\"auto\">Al haber obtenido el a\u00f1o pasado la tarjeta completa del Alps Tour, \u00c1lvaro competir\u00e1 en el circuito sat\u00e9lite que empieza esta semana en Egipto, con la disputa de 3 torneos seguidos en el pa\u00eds africano. \u00c1lvaro aterriz\u00f3 ayer en El Cairo, y ya prepara su debut ma\u00f1ana en el Sokhna Golf Club, escenario de los 2 primeros torneos [Ein Bay Open y Red Sea Little Venice Open]. El mini tour egipcio finalizar\u00e1 ya en marzo con la celebraci\u00f3n del New Giza Open, y luego \u00c1lvaro pondr\u00e1 rumbo a Chipre para disputar la cuarta prueba del tour, que preceder\u00e1 a la gira italiana [Roma, Pescara y Milano].<\/div><div dir=\"auto\">\u00a0<\/div><\/div>\t\t\t\t\t\t\t\t<\/div>\n\t\t\t\t<\/div>\n\t\t\t\t<div class=\"elementor-element elementor-element-273ada8 elementor-widget elementor-widget-image\" data-id=\"273ada8\" data-element_type=\"widget\" data-e-type=\"widget\" data-widget_type=\"image.default\">\n\t\t\t\t<div class=\"elementor-widget-container\">\n\t\t\t\t\t\t\t\t\t\t\t\t\t\t\t<img loading=\"lazy\" decoding=\"async\" width=\"800\" height=\"534\" src=\"https:\/\/www.golflasamericas.com\/wordpress\/wp-content\/uploads\/2022\/02\/IMG_7778-1024x683.jpg\" class=\"attachment-large size-large wp-image-4281\" alt=\"\u00c1lvaro Hern\u00e1ndez Cabezueka\" srcset=\"https:\/\/www.golflasamericas.com\/wordpress\/wp-content\/uploads\/2022\/02\/IMG_7778-1024x683.jpg 1024w, https:\/\/www.golflasamericas.com\/wordpress\/wp-content\/uploads\/2022\/02\/IMG_7778-300x200.jpg 300w, https:\/\/www.golflasamericas.com\/wordpress\/wp-content\/uploads\/2022\/02\/IMG_7778-768x512.jpg 768w, https:\/\/www.golflasamericas.com\/wordpress\/wp-content\/uploads\/2022\/02\/IMG_7778-1536x1024.jpg 1536w, https:\/\/www.golflasamericas.com\/wordpress\/wp-content\/uploads\/2022\/02\/IMG_7778-2048x1365.jpg 2048w\" sizes=\"(max-width: 800px) 100vw, 800px\" \/>\t\t\t\t\t\t\t\t\t\t\t\t\t\t\t<\/div>\n\t\t\t\t<\/div>\n\t\t\t\t<div class=\"elementor-element elementor-element-778c570 elementor-widget elementor-widget-text-editor\" data-id=\"778c570\" data-element_type=\"widget\" data-e-type=\"widget\" data-widget_type=\"text-editor.default\">\n\t\t\t\t<div class=\"elementor-widget-container\">\n\t\t\t\t\t\t\t\t\t<div>\n<div dir=\"auto\">Adem\u00e1s del patrocinio de Golf Las Am\u00e9ricas, \u00c1lvaro tambi\u00e9n contar\u00e1 durante la temporada con el apoyo de Turismo de Tenerife, el patronato de Turismo de Arona, la RFEG y la FCG, Titleist, Footjoy y Adidas Store Tenerife.<\/div>\n<div dir=\"auto\">&nbsp;<\/div>\n<\/div>\n<div>\n<div dir=\"auto\">Im\u00e1genes: JUAN DAVID BEN\u00cdTEZ<\/div>\n<div dir=\"auto\">&nbsp;<\/div>\n<div dir=\"auto\">VIDEO GOLF LAS AM\u00c9RICAS INSIDE \u00b7 <a href=\"https:\/\/youtu.be\/Ju4KHG2M_Vc\" target=\"_blank\" rel=\"noopener\">Firma del acuerdo de patrocinio entre Golf Las Am\u00e9ricas y \u00c1lvaro Hern\u00e1ndez Cabezuela<\/a><\/div><\/div>\t\t\t\t\t\t\t\t<\/div>\n\t\t\t\t<\/div>\n\t\t\t\t<div class=\"elementor-element elementor-element-3bd70d0 elementor-widget elementor-widget-video\" data-id=\"3bd70d0\" data-element_type=\"widget\" data-e-type=\"widget\" data-settings=\"{&quot;youtube_url&quot;:&quot;https:\\\/\\\/youtu.be\\\/Ju4KHG2M_Vc&quot;,&quot;video_type&quot;:&quot;youtube&quot;,&quot;controls&quot;:&quot;yes&quot;}\" data-widget_type=\"video.default\">\n\t\t\t\t<div class=\"elementor-widget-container\">\n\t\t\t\t\t\t\t<div class=\"elementor-wrapper elementor-open-inline\">\n\t\t\t<div class=\"elementor-video\"><\/div>\t\t<\/div>\n\t\t\t\t\t\t<\/div>\n\t\t\t\t<\/div>\n\t\t\t\t<div class=\"elementor-element elementor-element-b6147ae elementor-widget-divider--view-line elementor-widget elementor-widget-divider\" data-id=\"b6147ae\" data-element_type=\"widget\" data-e-type=\"widget\" data-widget_type=\"divider.default\">\n\t\t\t\t<div class=\"elementor-widget-container\">\n\t\t\t\t\t\t\t<div class=\"elementor-divider\">\n\t\t\t<span class=\"elementor-divider-separator\">\n\t\t\t\t\t\t<\/span>\n\t\t<\/div>\n\t\t\t\t\t\t<\/div>\n\t\t\t\t<\/div>\n\t\t\t\t\t<\/div>\n\t\t<\/div>\n\t\t\t\t\t<\/div>\n\t\t<\/section>\n\t\t\t\t<\/div>\n\t\t","protected":false},"excerpt":{"rendered":"<p>Golf Las Am\u00e9ricas apoyar\u00e1 a \u00c1lvaro Hern\u00e1ndez Cabezuela en su primera temporada al completo como profesional \u00a0 Golf Las Am\u00e9ricas y el profesional \u00c1lvaro Hern\u00e1ndez Cabezuela firman un acuerdo de patrocinio para esta nueva temporada, en la que el actual campe\u00f3n de Espa\u00f1a absoluto amateur disputar\u00e1 el Challenge Tour y el Alps Tour. El jugador [&hellip;]<\/p>\n","protected":false},"author":2,"featured_media":4266,"comment_status":"open","ping_status":"open","sticky":false,"template":"","format":"standard","meta":{"footnotes":""},"categories":[1],"tags":[80,60,75,47,78,43,48,42,79,44,76,77,45],"class_list":["post-4206","post","type-post","status-publish","format-standard","has-post-thumbnail","hentry","category-noticias","tag-amateur","tag-bookings-2","tag-calendario","tag-canary-islands","tag-competition","tag-green-fees","tag-islas-canarias","tag-reservas","tag-schedule","tag-tenerife-golf","tag-torneos","tag-tournaments","tag-visit-tenerife"],"_links":{"self":[{"href":"https:\/\/www.golflasamericas.com\/de\/wp-json\/wp\/v2\/posts\/4206","targetHints":{"allow":["GET"]}}],"collection":[{"href":"https:\/\/www.golflasamericas.com\/de\/wp-json\/wp\/v2\/posts"}],"about":[{"href":"https:\/\/www.golflasamericas.com\/de\/wp-json\/wp\/v2\/types\/post"}],"author":[{"embeddable":true,"href":"https:\/\/www.golflasamericas.com\/de\/wp-json\/wp\/v2\/users\/2"}],"replies":[{"embeddable":true,"href":"https:\/\/www.golflasamericas.com\/de\/wp-json\/wp\/v2\/comments?post=4206"}],"version-history":[{"count":30,"href":"https:\/\/www.golflasamericas.com\/de\/wp-json\/wp\/v2\/posts\/4206\/revisions"}],"predecessor-version":[{"id":4335,"href":"https:\/\/www.golflasamericas.com\/de\/wp-json\/wp\/v2\/posts\/4206\/revisions\/4335"}],"wp:featuredmedia":[{"embeddable":true,"href":"https:\/\/www.golflasamericas.com\/de\/wp-json\/wp\/v2\/media\/4266"}],"wp:attachment":[{"href":"https:\/\/www.golflasamericas.com\/de\/wp-json\/wp\/v2\/media?parent=4206"}],"wp:term":[{"taxonomy":"category","embeddable":true,"href":"https:\/\/www.golflasamericas.com\/de\/wp-json\/wp\/v2\/categories?post=4206"},{"taxonomy":"post_tag","embeddable":true,"href":"https:\/\/www.golflasamericas.com\/de\/wp-json\/wp\/v2\/tags?post=4206"}],"curies":[{"name":"wp","href":"https:\/\/api.w.org\/{rel}","templated":true}]}}