{"id":12747,"date":"2024-12-05T16:56:56","date_gmt":"2024-12-05T15:56:56","guid":{"rendered":"https:\/\/www.golflasamericas.com\/?p=12747"},"modified":"2024-12-05T18:41:40","modified_gmt":"2024-12-05T17:41:40","slug":"nominados","status":"publish","type":"post","link":"https:\/\/www.golflasamericas.com\/de\/nominados\/","title":{"rendered":"Nominados Premios Golf en Canarias"},"content":{"rendered":"\t\t<div data-elementor-type=\"wp-post\" data-elementor-id=\"12747\" class=\"elementor elementor-12747\" data-elementor-post-type=\"post\">\n\t\t\t\t\t\t<section class=\"elementor-section elementor-top-section elementor-element elementor-element-27cf8c88 elementor-section-boxed elementor-section-height-default elementor-section-height-default\" data-id=\"27cf8c88\" data-element_type=\"section\" data-e-type=\"section\">\n\t\t\t\t\t\t<div class=\"elementor-container elementor-column-gap-default\">\n\t\t\t\t\t<div class=\"elementor-column elementor-col-100 elementor-top-column elementor-element elementor-element-7a0310c2\" data-id=\"7a0310c2\" data-element_type=\"column\" data-e-type=\"column\">\n\t\t\t<div class=\"elementor-widget-wrap elementor-element-populated\">\n\t\t\t\t\t\t<div class=\"elementor-element elementor-element-759fe9e elementor-widget elementor-widget-image\" data-id=\"759fe9e\" data-element_type=\"widget\" data-e-type=\"widget\" data-widget_type=\"image.default\">\n\t\t\t\t<div class=\"elementor-widget-container\">\n\t\t\t\t\t\t\t\t\t\t\t\t\t\t\t<img fetchpriority=\"high\" decoding=\"async\" width=\"800\" height=\"784\" src=\"https:\/\/www.golflasamericas.com\/wordpress\/wp-content\/uploads\/2024\/12\/PHOTO-2024-11-19-13-30-28-1024x1003.jpg\" class=\"attachment-large size-large wp-image-12732\" alt=\"\" srcset=\"https:\/\/www.golflasamericas.com\/wordpress\/wp-content\/uploads\/2024\/12\/PHOTO-2024-11-19-13-30-28-1024x1003.jpg 1024w, https:\/\/www.golflasamericas.com\/wordpress\/wp-content\/uploads\/2024\/12\/PHOTO-2024-11-19-13-30-28-300x294.jpg 300w, https:\/\/www.golflasamericas.com\/wordpress\/wp-content\/uploads\/2024\/12\/PHOTO-2024-11-19-13-30-28-768x753.jpg 768w, https:\/\/www.golflasamericas.com\/wordpress\/wp-content\/uploads\/2024\/12\/PHOTO-2024-11-19-13-30-28.jpg 1290w\" sizes=\"(max-width: 800px) 100vw, 800px\" \/>\t\t\t\t\t\t\t\t\t\t\t\t\t\t\t<\/div>\n\t\t\t\t<\/div>\n\t\t\t\t<div class=\"elementor-element elementor-element-fb1ed23 elementor-widget elementor-widget-text-editor\" data-id=\"fb1ed23\" data-element_type=\"widget\" data-e-type=\"widget\" data-widget_type=\"text-editor.default\">\n\t\t\t\t<div class=\"elementor-widget-container\">\n\t\t\t\t\t\t\t\t\t<div dir=\"auto\"><strong>GOLF LAS AM\u00c9RICAS, FINALISTA EN 6 DE LAS 10 CATEGOR\u00cdAS<\/strong><\/div><div dir=\"auto\"><strong>\u00a0<\/strong><\/div><p><strong>El campo de golf de Playa de Las Am\u00e9ricas vuelve a optar al premio de Mejor Campo de Canarias<\/strong><\/p><p>Entre las 10 categor\u00edas en concurso relativas a campos de golf, Golf Las Am\u00e9ricas ha quedado finalista en 6 categor\u00edas tras el resultado de la primera fase de las votaciones de la segunda edici\u00f3n de los Premios Golf en Canarias, organizados por el medio de comunicaci\u00f3n canario de golf golfencanarias.com<\/p>\t\t\t\t\t\t\t\t<\/div>\n\t\t\t\t<\/div>\n\t\t\t\t<div class=\"elementor-element elementor-element-00421a2 elementor-widget elementor-widget-image\" data-id=\"00421a2\" data-element_type=\"widget\" data-e-type=\"widget\" data-widget_type=\"image.default\">\n\t\t\t\t<div class=\"elementor-widget-container\">\n\t\t\t\t\t\t\t\t\t\t\t\t\t\t\t\t<a href=\"https:\/\/www.golflasamericas.com\/wordpress\/wp-content\/uploads\/2024\/10\/lastcall_master.pdf\" target=\"_blank\">\n\t\t\t\t\t\t\t<img decoding=\"async\" width=\"768\" height=\"512\" src=\"https:\/\/www.golflasamericas.com\/wordpress\/wp-content\/uploads\/2024\/12\/GMO_00271-768x512.jpg\" class=\"attachment-medium_large size-medium_large wp-image-12755\" alt=\"\" srcset=\"https:\/\/www.golflasamericas.com\/wordpress\/wp-content\/uploads\/2024\/12\/GMO_00271-768x512.jpg 768w, https:\/\/www.golflasamericas.com\/wordpress\/wp-content\/uploads\/2024\/12\/GMO_00271-300x200.jpg 300w, https:\/\/www.golflasamericas.com\/wordpress\/wp-content\/uploads\/2024\/12\/GMO_00271-1024x683.jpg 1024w, https:\/\/www.golflasamericas.com\/wordpress\/wp-content\/uploads\/2024\/12\/GMO_00271-1536x1024.jpg 1536w, https:\/\/www.golflasamericas.com\/wordpress\/wp-content\/uploads\/2024\/12\/GMO_00271-2048x1365.jpg 2048w\" sizes=\"(max-width: 768px) 100vw, 768px\" \/>\t\t\t\t\t\t\t\t<\/a>\n\t\t\t\t\t\t\t\t\t\t\t\t\t\t\t<\/div>\n\t\t\t\t<\/div>\n\t\t\t\t<div class=\"elementor-element elementor-element-a7d6374 elementor-widget elementor-widget-text-editor\" data-id=\"a7d6374\" data-element_type=\"widget\" data-e-type=\"widget\" data-widget_type=\"text-editor.default\">\n\t\t\t\t<div class=\"elementor-widget-container\">\n\t\t\t\t\t\t\t\t\t<p><em>En la imagen, la jugadora de Golf Las Am\u00e9ricas Mar\u00eda Vel\u00e1zquez, una de las 3 nominadas a Mejor Jugadora Amateur de Canarias 2024, actual campeona de Espa\u00f1a de P&amp;P, y que ha logrado 6 t\u00edtulos en un a\u00f1o para enmarcar. <\/em><\/p>\t\t\t\t\t\t\t\t<\/div>\n\t\t\t\t<\/div>\n\t\t\t\t<div class=\"elementor-element elementor-element-52992946 elementor-widget elementor-widget-text-editor\" data-id=\"52992946\" data-element_type=\"widget\" data-e-type=\"widget\" data-widget_type=\"text-editor.default\">\n\t\t\t\t<div class=\"elementor-widget-container\">\n\t\t\t\t\t\t\t\t\t<div><div dir=\"auto\">Hasta el pr\u00f3ximo 8 de diciembre est\u00e1 en curso la segunda fase de las votaciones de la edici\u00f3n de 2024, en la que se elige a uno de los 3 nominados de cada categor\u00eda (campos o profesionales del sector).<\/div><\/div>\t\t\t\t\t\t\t\t<\/div>\n\t\t\t\t<\/div>\n\t\t\t\t<div class=\"elementor-element elementor-element-d0e724c elementor-widget elementor-widget-image\" data-id=\"d0e724c\" data-element_type=\"widget\" data-e-type=\"widget\" data-widget_type=\"image.default\">\n\t\t\t\t<div class=\"elementor-widget-container\">\n\t\t\t\t\t\t\t\t\t\t\t\t\t\t\t\t<a href=\"https:\/\/open.imaster.golf\/es\/americas\/disponibilidad\" target=\"_blank\">\n\t\t\t\t\t\t\t<img decoding=\"async\" width=\"768\" height=\"576\" src=\"https:\/\/www.golflasamericas.com\/wordpress\/wp-content\/uploads\/2024\/12\/IMG_9529-768x576.jpg\" class=\"attachment-medium_large size-medium_large wp-image-12724\" alt=\"\" srcset=\"https:\/\/www.golflasamericas.com\/wordpress\/wp-content\/uploads\/2024\/12\/IMG_9529-768x576.jpg 768w, https:\/\/www.golflasamericas.com\/wordpress\/wp-content\/uploads\/2024\/12\/IMG_9529-300x225.jpg 300w, https:\/\/www.golflasamericas.com\/wordpress\/wp-content\/uploads\/2024\/12\/IMG_9529-1024x768.jpg 1024w, https:\/\/www.golflasamericas.com\/wordpress\/wp-content\/uploads\/2024\/12\/IMG_9529-1536x1152.jpg 1536w, https:\/\/www.golflasamericas.com\/wordpress\/wp-content\/uploads\/2024\/12\/IMG_9529-2048x1536.jpg 2048w\" sizes=\"(max-width: 768px) 100vw, 768px\" \/>\t\t\t\t\t\t\t\t<\/a>\n\t\t\t\t\t\t\t\t\t\t\t\t\t\t\t<\/div>\n\t\t\t\t<\/div>\n\t\t\t\t<div class=\"elementor-element elementor-element-7884e98 elementor-widget elementor-widget-text-editor\" data-id=\"7884e98\" data-element_type=\"widget\" data-e-type=\"widget\" data-widget_type=\"text-editor.default\">\n\t\t\t\t<div class=\"elementor-widget-container\">\n\t\t\t\t\t\t\t\t\t<p><em>En la imagen, el profesional de la Academia de Golf Las Am\u00e9ricas David Bosa Santana, finalista en la categor\u00eda Mejor Profesor de Golf de Canarias.<\/em><\/p><p>Golf Las Am\u00e9ricas fue galardonado el a\u00f1o pasado con 3 premios, al Mejor Campo de Golf, Mejor Restaurante de un campo de golf y al Mejor Gerente de un campo de golf, Ana Reyes Mendoza. <\/p>\t\t\t\t\t\t\t\t<\/div>\n\t\t\t\t<\/div>\n\t\t\t\t<div class=\"elementor-element elementor-element-b699731 elementor-widget elementor-widget-image\" data-id=\"b699731\" data-element_type=\"widget\" data-e-type=\"widget\" data-widget_type=\"image.default\">\n\t\t\t\t<div class=\"elementor-widget-container\">\n\t\t\t\t\t\t\t\t\t\t\t\t\t\t\t\t<a href=\"https:\/\/open.imaster.golf\/es\/americas\/disponibilidad\" target=\"_blank\">\n\t\t\t\t\t\t\t<img loading=\"lazy\" decoding=\"async\" width=\"768\" height=\"576\" src=\"https:\/\/www.golflasamericas.com\/wordpress\/wp-content\/uploads\/2024\/12\/IMG_9475-768x576.jpg\" class=\"attachment-medium_large size-medium_large wp-image-12720\" alt=\"\" srcset=\"https:\/\/www.golflasamericas.com\/wordpress\/wp-content\/uploads\/2024\/12\/IMG_9475-768x576.jpg 768w, https:\/\/www.golflasamericas.com\/wordpress\/wp-content\/uploads\/2024\/12\/IMG_9475-300x225.jpg 300w, https:\/\/www.golflasamericas.com\/wordpress\/wp-content\/uploads\/2024\/12\/IMG_9475-1024x768.jpg 1024w, https:\/\/www.golflasamericas.com\/wordpress\/wp-content\/uploads\/2024\/12\/IMG_9475-1536x1152.jpg 1536w, https:\/\/www.golflasamericas.com\/wordpress\/wp-content\/uploads\/2024\/12\/IMG_9475.jpg 2016w\" sizes=\"(max-width: 768px) 100vw, 768px\" \/>\t\t\t\t\t\t\t\t<\/a>\n\t\t\t\t\t\t\t\t\t\t\t\t\t\t\t<\/div>\n\t\t\t\t<\/div>\n\t\t\t\t<div class=\"elementor-element elementor-element-3c89126 elementor-widget elementor-widget-text-editor\" data-id=\"3c89126\" data-element_type=\"widget\" data-e-type=\"widget\" data-widget_type=\"text-editor.default\">\n\t\t\t\t<div class=\"elementor-widget-container\">\n\t\t\t\t\t\t\t\t\t<p><em>En la imagen, Adri\u00e1n Gonz\u00e1lez Padr\u00f3n, finalista en la categor\u00eda de Mejor Greenkeeper de Canarias. Greenkeeper canario y cuyo \u00faltimo club de golf fue Empord\u00e0 Golf. <br \/><\/em><\/p>\t\t\t\t\t\t\t\t<\/div>\n\t\t\t\t<\/div>\n\t\t\t\t<div class=\"elementor-element elementor-element-c062d54 elementor-widget elementor-widget-image\" data-id=\"c062d54\" data-element_type=\"widget\" data-e-type=\"widget\" data-widget_type=\"image.default\">\n\t\t\t\t<div class=\"elementor-widget-container\">\n\t\t\t\t\t\t\t\t\t\t\t\t\t\t\t\t<a href=\"https:\/\/open.imaster.golf\/es\/americas\/disponibilidad\" target=\"_blank\">\n\t\t\t\t\t\t\t<img loading=\"lazy\" decoding=\"async\" width=\"768\" height=\"576\" src=\"https:\/\/www.golflasamericas.com\/wordpress\/wp-content\/uploads\/2024\/12\/PHOTO-2024-11-14-12-19-51-768x576.jpg\" class=\"attachment-medium_large size-medium_large wp-image-12728\" alt=\"\" srcset=\"https:\/\/www.golflasamericas.com\/wordpress\/wp-content\/uploads\/2024\/12\/PHOTO-2024-11-14-12-19-51-768x576.jpg 768w, https:\/\/www.golflasamericas.com\/wordpress\/wp-content\/uploads\/2024\/12\/PHOTO-2024-11-14-12-19-51-300x225.jpg 300w, https:\/\/www.golflasamericas.com\/wordpress\/wp-content\/uploads\/2024\/12\/PHOTO-2024-11-14-12-19-51-1024x768.jpg 1024w, https:\/\/www.golflasamericas.com\/wordpress\/wp-content\/uploads\/2024\/12\/PHOTO-2024-11-14-12-19-51-1536x1152.jpg 1536w, https:\/\/www.golflasamericas.com\/wordpress\/wp-content\/uploads\/2024\/12\/PHOTO-2024-11-14-12-19-51.jpg 1600w\" sizes=\"(max-width: 768px) 100vw, 768px\" \/>\t\t\t\t\t\t\t\t<\/a>\n\t\t\t\t\t\t\t\t\t\t\t\t\t\t\t<\/div>\n\t\t\t\t<\/div>\n\t\t\t\t<div class=\"elementor-element elementor-element-018a9ea elementor-widget elementor-widget-text-editor\" data-id=\"018a9ea\" data-element_type=\"widget\" data-e-type=\"widget\" data-widget_type=\"text-editor.default\">\n\t\t\t\t<div class=\"elementor-widget-container\">\n\t\t\t\t\t\t\t\t\t<p><em>En la imagen, Jos\u00e9 Roberto P\u00e9rez Arbelo, nominado al Mejor Director Deportivo de Canarias 2024. En la edici\u00f3n anterior, fue el segundo profesional de Canarias m\u00e1s votado.<\/em><\/p><p><strong>FINALISTAS 2024<\/strong> Golf Las Am\u00e9ricas<\/p><p>Categor\u00eda<\/p><p>Mejor<strong> Campo de Golf<\/strong> de Canarias<\/p><p>Mejor <strong>Restaurante<\/strong> de un campo de golf de Canarias<\/p><p>Mejor Jugadora Amateur de Canarias \u00b7 <strong>Mar\u00eda Vel\u00e1zquez Morales<\/strong><\/p><p>Mejor Profesor de Golf de Canarias \u00b7 <strong>David Bosa Santana<\/strong><\/p><p>Mejor Greenkeeper de Canarias \u00b7 <strong>Adri\u00e1n Gonz\u00e1lez Padr\u00f3n<\/strong><\/p><p>Mejor Director Deportivo de Canarias \u00b7 <strong>Jose Roberto P\u00e9rez Arbelo<\/strong><\/p>\t\t\t\t\t\t\t\t<\/div>\n\t\t\t\t<\/div>\n\t\t\t\t<div class=\"elementor-element elementor-element-413f0fd elementor-align-center elementor-widget elementor-widget-button\" data-id=\"413f0fd\" data-element_type=\"widget\" data-e-type=\"widget\" data-widget_type=\"button.default\">\n\t\t\t\t<div class=\"elementor-widget-container\">\n\t\t\t\t\t\t\t\t\t<div class=\"elementor-button-wrapper\">\n\t\t\t\t\t<a class=\"elementor-button elementor-button-link elementor-size-sm\" href=\"https:\/\/golfencanarias.com\/premios-ya-puedes-votar-a-los-mejores-de-canarias-de-este-ano-premios-golfencanarias-com-2024-votacion-final-en-curso\/\" target=\"_blank\">\n\t\t\t\t\t\t<span class=\"elementor-button-content-wrapper\">\n\t\t\t\t\t\t\t\t\t<span class=\"elementor-button-text\">VOTACIONES 2024 \u00b7 PREMIOS GOLF EN CANARIAS<\/span>\n\t\t\t\t\t<\/span>\n\t\t\t\t\t<\/a>\n\t\t\t\t<\/div>\n\t\t\t\t\t\t\t\t<\/div>\n\t\t\t\t<\/div>\n\t\t\t\t\t<\/div>\n\t\t<\/div>\n\t\t\t\t\t<\/div>\n\t\t<\/section>\n\t\t\t\t<section class=\"elementor-section elementor-top-section elementor-element elementor-element-c80ce2e elementor-section-boxed elementor-section-height-default elementor-section-height-default\" data-id=\"c80ce2e\" data-element_type=\"section\" data-e-type=\"section\">\n\t\t\t\t\t\t<div class=\"elementor-container elementor-column-gap-default\">\n\t\t\t\t\t<div class=\"elementor-column elementor-col-100 elementor-top-column elementor-element elementor-element-2c39b3c\" data-id=\"2c39b3c\" data-element_type=\"column\" data-e-type=\"column\">\n\t\t\t<div class=\"elementor-widget-wrap elementor-element-populated\">\n\t\t\t\t\t\t<div class=\"elementor-element elementor-element-0db47ff elementor-widget elementor-widget-image\" data-id=\"0db47ff\" data-element_type=\"widget\" data-e-type=\"widget\" data-widget_type=\"image.default\">\n\t\t\t\t<div class=\"elementor-widget-container\">\n\t\t\t\t\t\t\t\t\t\t\t\t\t\t\t<img loading=\"lazy\" decoding=\"async\" width=\"768\" height=\"670\" src=\"https:\/\/www.golflasamericas.com\/wordpress\/wp-content\/uploads\/2024\/12\/PHOTO-2024-11-19-13-33-50-768x670.jpg\" class=\"attachment-medium_large size-medium_large wp-image-12744\" alt=\"\" srcset=\"https:\/\/www.golflasamericas.com\/wordpress\/wp-content\/uploads\/2024\/12\/PHOTO-2024-11-19-13-33-50-768x670.jpg 768w, https:\/\/www.golflasamericas.com\/wordpress\/wp-content\/uploads\/2024\/12\/PHOTO-2024-11-19-13-33-50-300x262.jpg 300w, https:\/\/www.golflasamericas.com\/wordpress\/wp-content\/uploads\/2024\/12\/PHOTO-2024-11-19-13-33-50-1024x893.jpg 1024w, https:\/\/www.golflasamericas.com\/wordpress\/wp-content\/uploads\/2024\/12\/PHOTO-2024-11-19-13-33-50.jpg 1262w\" sizes=\"(max-width: 768px) 100vw, 768px\" \/>\t\t\t\t\t\t\t\t\t\t\t\t\t\t\t<\/div>\n\t\t\t\t<\/div>\n\t\t\t\t<div class=\"elementor-element elementor-element-cfe0042 elementor-widget elementor-widget-text-editor\" data-id=\"cfe0042\" data-element_type=\"widget\" data-e-type=\"widget\" data-widget_type=\"text-editor.default\">\n\t\t\t\t<div class=\"elementor-widget-container\">\n\t\t\t\t\t\t\t\t\t<p><a href=\"https:\/\/www.golflasamericas.com\/\" target=\"_blank\" rel=\"noopener\">Golf Las Am\u00e9ricas<\/a> vuelve a optar a reeditar su \u00e9xito del a\u00f1o pasado, en el que obtuvo el premio al Mejor Campo de Canarias, junto a los otros dos finalistas, los campos tinerfe\u00f1os de Abama Golf y de Buenavista Golf. <\/p>\t\t\t\t\t\t\t\t<\/div>\n\t\t\t\t<\/div>\n\t\t\t\t<div class=\"elementor-element elementor-element-bca400b elementor-widget elementor-widget-image\" data-id=\"bca400b\" data-element_type=\"widget\" data-e-type=\"widget\" data-widget_type=\"image.default\">\n\t\t\t\t<div class=\"elementor-widget-container\">\n\t\t\t\t\t\t\t\t\t\t\t\t\t\t\t<img loading=\"lazy\" decoding=\"async\" width=\"768\" height=\"576\" src=\"https:\/\/www.golflasamericas.com\/wordpress\/wp-content\/uploads\/2024\/12\/IMG_0844-768x576.jpg\" class=\"attachment-medium_large size-medium_large wp-image-12766\" alt=\"\" srcset=\"https:\/\/www.golflasamericas.com\/wordpress\/wp-content\/uploads\/2024\/12\/IMG_0844-768x576.jpg 768w, https:\/\/www.golflasamericas.com\/wordpress\/wp-content\/uploads\/2024\/12\/IMG_0844-300x225.jpg 300w, https:\/\/www.golflasamericas.com\/wordpress\/wp-content\/uploads\/2024\/12\/IMG_0844-1024x768.jpg 1024w, https:\/\/www.golflasamericas.com\/wordpress\/wp-content\/uploads\/2024\/12\/IMG_0844-1536x1152.jpg 1536w, https:\/\/www.golflasamericas.com\/wordpress\/wp-content\/uploads\/2024\/12\/IMG_0844-2048x1536.jpg 2048w\" sizes=\"(max-width: 768px) 100vw, 768px\" \/>\t\t\t\t\t\t\t\t\t\t\t\t\t\t\t<\/div>\n\t\t\t\t<\/div>\n\t\t\t\t\t<\/div>\n\t\t<\/div>\n\t\t\t\t\t<\/div>\n\t\t<\/section>\n\t\t\t\t<section class=\"elementor-section elementor-top-section elementor-element elementor-element-1e2ac84 elementor-section-boxed elementor-section-height-default elementor-section-height-default\" data-id=\"1e2ac84\" data-element_type=\"section\" data-e-type=\"section\">\n\t\t\t\t\t\t<div class=\"elementor-container elementor-column-gap-default\">\n\t\t\t\t\t<div class=\"elementor-column elementor-col-100 elementor-top-column elementor-element elementor-element-526af46\" data-id=\"526af46\" data-element_type=\"column\" data-e-type=\"column\">\n\t\t\t<div class=\"elementor-widget-wrap elementor-element-populated\">\n\t\t\t\t\t\t<div class=\"elementor-element elementor-element-2ef771c elementor-widget elementor-widget-text-editor\" data-id=\"2ef771c\" data-element_type=\"widget\" data-e-type=\"widget\" data-widget_type=\"text-editor.default\">\n\t\t\t\t<div class=\"elementor-widget-container\">\n\t\t\t\t\t\t\t\t\t<p>El <a href=\"https:\/\/www.golflasamericas.com\/el-campo\/restaurante\/\" target=\"_blank\" rel=\"noopener\">Restaurante de Golf Las Am\u00e9ricas<\/a>, que destaca por su excelente cocina y por su terraza con vistas al green del 18, tees del 1 y el 10 y putting green, fue elegido en 2023 como el Mejor Restaurante de un campo de golf de Canarias. En esta nueva edici\u00f3n, tras la primera fase, ha sido elegido entre los 3 finalistas junto a los restaurantes de Lanzarote Golf y del Real Club de Golf de Tenerife. <\/p>\t\t\t\t\t\t\t\t<\/div>\n\t\t\t\t<\/div>\n\t\t\t\t\t<\/div>\n\t\t<\/div>\n\t\t\t\t\t<\/div>\n\t\t<\/section>\n\t\t\t\t<section class=\"elementor-section elementor-top-section elementor-element elementor-element-c40160d elementor-section-boxed elementor-section-height-default elementor-section-height-default\" data-id=\"c40160d\" data-element_type=\"section\" data-e-type=\"section\">\n\t\t\t\t\t\t<div class=\"elementor-container elementor-column-gap-default\">\n\t\t\t\t\t<div class=\"elementor-column elementor-col-100 elementor-top-column elementor-element elementor-element-873801b\" data-id=\"873801b\" data-element_type=\"column\" data-e-type=\"column\">\n\t\t\t<div class=\"elementor-widget-wrap elementor-element-populated\">\n\t\t\t\t\t\t<div class=\"elementor-element elementor-element-3def16c elementor-widget elementor-widget-image\" data-id=\"3def16c\" data-element_type=\"widget\" data-e-type=\"widget\" data-widget_type=\"image.default\">\n\t\t\t\t<div class=\"elementor-widget-container\">\n\t\t\t\t\t\t\t\t\t\t\t\t\t\t\t<img loading=\"lazy\" decoding=\"async\" width=\"800\" height=\"533\" src=\"https:\/\/www.golflasamericas.com\/wordpress\/wp-content\/uploads\/2024\/12\/PHOTO-2024-11-19-13-33-03-1024x682.jpg\" class=\"attachment-large size-large wp-image-12736\" alt=\"\" srcset=\"https:\/\/www.golflasamericas.com\/wordpress\/wp-content\/uploads\/2024\/12\/PHOTO-2024-11-19-13-33-03-1024x682.jpg 1024w, https:\/\/www.golflasamericas.com\/wordpress\/wp-content\/uploads\/2024\/12\/PHOTO-2024-11-19-13-33-03-300x200.jpg 300w, https:\/\/www.golflasamericas.com\/wordpress\/wp-content\/uploads\/2024\/12\/PHOTO-2024-11-19-13-33-03-768x512.jpg 768w, https:\/\/www.golflasamericas.com\/wordpress\/wp-content\/uploads\/2024\/12\/PHOTO-2024-11-19-13-33-03-1536x1023.jpg 1536w, https:\/\/www.golflasamericas.com\/wordpress\/wp-content\/uploads\/2024\/12\/PHOTO-2024-11-19-13-33-03.jpg 1600w\" sizes=\"(max-width: 800px) 100vw, 800px\" \/>\t\t\t\t\t\t\t\t\t\t\t\t\t\t\t<\/div>\n\t\t\t\t<\/div>\n\t\t\t\t\t<\/div>\n\t\t<\/div>\n\t\t\t\t\t<\/div>\n\t\t<\/section>\n\t\t\t\t<section class=\"elementor-section elementor-top-section elementor-element elementor-element-569f9a8 elementor-section-boxed elementor-section-height-default elementor-section-height-default\" data-id=\"569f9a8\" data-element_type=\"section\" data-e-type=\"section\">\n\t\t\t\t\t\t<div class=\"elementor-container elementor-column-gap-default\">\n\t\t\t\t\t<div class=\"elementor-column elementor-col-100 elementor-top-column elementor-element elementor-element-a3f36d8\" data-id=\"a3f36d8\" data-element_type=\"column\" data-e-type=\"column\">\n\t\t\t<div class=\"elementor-widget-wrap elementor-element-populated\">\n\t\t\t\t\t\t<div class=\"elementor-element elementor-element-a280b58 elementor-align-center elementor-widget elementor-widget-button\" data-id=\"a280b58\" data-element_type=\"widget\" data-e-type=\"widget\" data-widget_type=\"button.default\">\n\t\t\t\t<div class=\"elementor-widget-container\">\n\t\t\t\t\t\t\t\t\t<div class=\"elementor-button-wrapper\">\n\t\t\t\t\t<a class=\"elementor-button elementor-button-link elementor-size-sm\" href=\"https:\/\/golfencanarias.com\/vota-premios-golfencanarias-com-2024-vota-a-los-mejores-de-canarias-en-este-ano-2024\/\" target=\"_blank\">\n\t\t\t\t\t\t<span class=\"elementor-button-content-wrapper\">\n\t\t\t\t\t\t\t\t\t<span class=\"elementor-button-text\">TODOS LOS FINALIST@S DE LA EDICI\u00d3N DE 2024<\/span>\n\t\t\t\t\t<\/span>\n\t\t\t\t\t<\/a>\n\t\t\t\t<\/div>\n\t\t\t\t\t\t\t\t<\/div>\n\t\t\t\t<\/div>\n\t\t\t\t\t<\/div>\n\t\t<\/div>\n\t\t\t\t\t<\/div>\n\t\t<\/section>\n\t\t\t\t<\/div>\n\t\t","protected":false},"excerpt":{"rendered":"<p>GOLF LAS AM\u00c9RICAS, FINALISTA EN 6 DE LAS 10 CATEGOR\u00cdAS\u00a0 El campo de golf de Playa de Las Am\u00e9ricas vuelve a optar al premio de Mejor Campo de Canarias Entre las 10 categor\u00edas en concurso relativas a campos de golf, Golf Las Am\u00e9ricas ha quedado finalista en 6 categor\u00edas tras el resultado de la primera [&hellip;]<\/p>\n","protected":false},"author":2,"featured_media":12738,"comment_status":"open","ping_status":"open","sticky":false,"template":"","format":"standard","meta":{"footnotes":""},"categories":[1],"tags":[142,47,146,89,148,43,130,147,145,143,138,64,44],"class_list":["post-12747","post","type-post","status-publish","format-standard","has-post-thumbnail","hentry","category-noticias","tag-canarias","tag-canary-islands","tag-ganadores","tag-golf-2","tag-golf-en-canarias","tag-green-fees","tag-greenkeeper","tag-nominados","tag-premios","tag-profesional","tag-tee-times-2","tag-tenerife","tag-tenerife-golf"],"_links":{"self":[{"href":"https:\/\/www.golflasamericas.com\/de\/wp-json\/wp\/v2\/posts\/12747","targetHints":{"allow":["GET"]}}],"collection":[{"href":"https:\/\/www.golflasamericas.com\/de\/wp-json\/wp\/v2\/posts"}],"about":[{"href":"https:\/\/www.golflasamericas.com\/de\/wp-json\/wp\/v2\/types\/post"}],"author":[{"embeddable":true,"href":"https:\/\/www.golflasamericas.com\/de\/wp-json\/wp\/v2\/users\/2"}],"replies":[{"embeddable":true,"href":"https:\/\/www.golflasamericas.com\/de\/wp-json\/wp\/v2\/comments?post=12747"}],"version-history":[{"count":35,"href":"https:\/\/www.golflasamericas.com\/de\/wp-json\/wp\/v2\/posts\/12747\/revisions"}],"predecessor-version":[{"id":12822,"href":"https:\/\/www.golflasamericas.com\/de\/wp-json\/wp\/v2\/posts\/12747\/revisions\/12822"}],"wp:featuredmedia":[{"embeddable":true,"href":"https:\/\/www.golflasamericas.com\/de\/wp-json\/wp\/v2\/media\/12738"}],"wp:attachment":[{"href":"https:\/\/www.golflasamericas.com\/de\/wp-json\/wp\/v2\/media?parent=12747"}],"wp:term":[{"taxonomy":"category","embeddable":true,"href":"https:\/\/www.golflasamericas.com\/de\/wp-json\/wp\/v2\/categories?post=12747"},{"taxonomy":"post_tag","embeddable":true,"href":"https:\/\/www.golflasamericas.com\/de\/wp-json\/wp\/v2\/tags?post=12747"}],"curies":[{"name":"wp","href":"https:\/\/api.w.org\/{rel}","templated":true}]}}